{"id":248499,"date":"2019-09-12T12:41:36","date_gmt":"2019-09-12T15:41:36","guid":{"rendered":"https:\/\/www.lavras24horas.com.br\/portal\/?p=248499"},"modified":"2019-09-12T12:41:36","modified_gmt":"2019-09-12T15:41:36","slug":"associacao-atletica-ferroviaria-inicia-parceria-com-projeto-voleibol-social","status":"publish","type":"post","link":"https:\/\/www.lavras24horas.com.br\/portal\/associacao-atletica-ferroviaria-inicia-parceria-com-projeto-voleibol-social\/","title":{"rendered":"Associa\u00e7\u00e3o Atl\u00e9tica Ferrovi\u00e1ria inicia parceria com Projeto Voleibol Social"},"content":{"rendered":"<p>&nbsp;<\/p>\n<p>&nbsp;<\/p>\n<p style=\"text-align: justify;\">O projeto Voleibol Social, criado pelo professor Petr\u00f4nio de P\u00e1dua Valentini (Dula), no in\u00edcio de 2018,est\u00e1 com nova parceria a Associa\u00e7\u00e3o Atl\u00e9tica Ferrovi\u00e1ria. Atrav\u00e9s do seu presidente Dr. Ranieri Spuri e seu vice Professor Paulo Henrique de Oliveira, o projeto fortalece o seu ideal.<\/p>\n<p><img data-recalc-dims=\"1\" fetchpriority=\"high\" decoding=\"async\" data-attachment-id=\"248501\" data-permalink=\"https:\/\/www.lavras24horas.com.br\/portal\/associacao-atletica-ferroviaria-inicia-parceria-com-projeto-voleibol-social\/fb279f09-94a4-4ed9-aaf9-2b3faae4bfdd-1\/\" data-orig-file=\"https:\/\/i0.wp.com\/www.lavras24horas.com.br\/portal\/wp-content\/uploads\/2019\/09\/fb279f09-94a4-4ed9-aaf9-2b3faae4bfdd-1.jpg?fit=500%2C375&amp;ssl=1\" data-orig-size=\"500,375\" data-comments-opened=\"0\" data-image-meta=\"{&quot;aperture&quot;:&quot;0&quot;,&quot;credit&quot;:&quot;&quot;,&quot;camera&quot;:&quot;&quot;,&quot;caption&quot;:&quot;&quot;,&quot;created_timestamp&quot;:&quot;0&quot;,&quot;copyright&quot;:&quot;&quot;,&quot;focal_length&quot;:&quot;0&quot;,&quot;iso&quot;:&quot;0&quot;,&quot;shutter_speed&quot;:&quot;0&quot;,&quot;title&quot;:&quot;&quot;,&quot;orientation&quot;:&quot;0&quot;}\" data-image-title=\"fb279f09-94a4-4ed9-aaf9-2b3faae4bfdd (1)\" data-image-description=\"\" data-image-caption=\"\" data-large-file=\"https:\/\/i0.wp.com\/www.lavras24horas.com.br\/portal\/wp-content\/uploads\/2019\/09\/fb279f09-94a4-4ed9-aaf9-2b3faae4bfdd-1.jpg?fit=440%2C330&amp;ssl=1\" class=\"aligncenter wp-image-248501 size-full\" src=\"https:\/\/i0.wp.com\/www.lavras24horas.com.br\/portal\/wp-content\/uploads\/2019\/09\/fb279f09-94a4-4ed9-aaf9-2b3faae4bfdd-1.jpg?resize=500%2C375&#038;ssl=1\" alt=\"\" width=\"500\" height=\"375\" srcset=\"https:\/\/i0.wp.com\/www.lavras24horas.com.br\/portal\/wp-content\/uploads\/2019\/09\/fb279f09-94a4-4ed9-aaf9-2b3faae4bfdd-1.jpg?w=500&amp;ssl=1 500w, https:\/\/i0.wp.com\/www.lavras24horas.com.br\/portal\/wp-content\/uploads\/2019\/09\/fb279f09-94a4-4ed9-aaf9-2b3faae4bfdd-1.jpg?resize=440%2C330&amp;ssl=1 440w\" sizes=\"(max-width: 500px) 100vw, 500px\" \/><\/p>\n<p style=\"text-align: justify;\">Atualmente ele conta com a participa\u00e7\u00e3o de 55 meninas, na faixa et\u00e1ria de 11 a 15 anos, desde a inicia\u00e7\u00e3o ao auto rendimento.A equipe est\u00e1 participando do campeonato sul mineiro, filiada a Federa\u00e7\u00e3o Mineira de Voleibol.<\/p>\n","protected":false},"excerpt":{"rendered":"<p>&nbsp; &nbsp; O projeto Voleibol Social, criado pelo professor Petr\u00f4nio de P\u00e1dua Valentini (Dula), no in\u00edcio de 2018,est\u00e1 com nova parceria a Associa\u00e7\u00e3o Atl\u00e9tica Ferrovi\u00e1ria. Atrav\u00e9s do seu presidente Dr. Ranieri Spuri e seu vice Professor Paulo Henrique de Oliveira, o projeto fortalece o seu ideal. Atualmente ele conta com a participa\u00e7\u00e3o de 55 meninas, [&hellip;]<\/p>\n","protected":false},"author":7,"featured_media":248500,"comment_status":"closed","ping_status":"closed","sticky":false,"template":"","format":"standard","meta":{"advanced_seo_description":"","jetpack_seo_html_title":"","jetpack_seo_noindex":false,"_jetpack_memberships_contains_paid_content":false,"footnotes":""},"categories":[14,4],"tags":[467,466],"class_list":["post-248499","post","type-post","status-publish","format-standard","has-post-thumbnail","hentry","category-destaques-2","category-lavras","tag-automatico","tag-rascunho"],"jetpack_featured_media_url":"https:\/\/i0.wp.com\/www.lavras24horas.com.br\/portal\/wp-content\/uploads\/2019\/09\/85f2293e-a9f1-404e-bed5-59122702a1ed.jpg?fit=500%2C281&ssl=1","jetpack_sharing_enabled":true,"jetpack_likes_enabled":true,"_links":{"self":[{"href":"https:\/\/www.lavras24horas.com.br\/portal\/wp-json\/wp\/v2\/posts\/248499","targetHints":{"allow":["GET"]}}],"collection":[{"href":"https:\/\/www.lavras24horas.com.br\/portal\/wp-json\/wp\/v2\/posts"}],"about":[{"href":"https:\/\/www.lavras24horas.com.br\/portal\/wp-json\/wp\/v2\/types\/post"}],"author":[{"embeddable":true,"href":"https:\/\/www.lavras24horas.com.br\/portal\/wp-json\/wp\/v2\/users\/7"}],"replies":[{"embeddable":true,"href":"https:\/\/www.lavras24horas.com.br\/portal\/wp-json\/wp\/v2\/comments?post=248499"}],"version-history":[{"count":1,"href":"https:\/\/www.lavras24horas.com.br\/portal\/wp-json\/wp\/v2\/posts\/248499\/revisions"}],"predecessor-version":[{"id":248502,"href":"https:\/\/www.lavras24horas.com.br\/portal\/wp-json\/wp\/v2\/posts\/248499\/revisions\/248502"}],"wp:featuredmedia":[{"embeddable":true,"href":"https:\/\/www.lavras24horas.com.br\/portal\/wp-json\/wp\/v2\/media\/248500"}],"wp:attachment":[{"href":"https:\/\/www.lavras24horas.com.br\/portal\/wp-json\/wp\/v2\/media?parent=248499"}],"wp:term":[{"taxonomy":"category","embeddable":true,"href":"https:\/\/www.lavras24horas.com.br\/portal\/wp-json\/wp\/v2\/categories?post=248499"},{"taxonomy":"post_tag","embeddable":true,"href":"https:\/\/www.lavras24horas.com.br\/portal\/wp-json\/wp\/v2\/tags?post=248499"}],"curies":[{"name":"wp","href":"https:\/\/api.w.org\/{rel}","templated":true}]}}