{"id":248492,"date":"2019-09-12T07:00:17","date_gmt":"2019-09-12T10:00:17","guid":{"rendered":"https:\/\/www.lavras24horas.com.br\/portal\/?p=248492"},"modified":"2019-09-11T16:03:56","modified_gmt":"2019-09-11T19:03:56","slug":"defesa-civil-alerta-sobre-a-baixa-umidade-do-ar-e-calor-em-lavras","status":"publish","type":"post","link":"https:\/\/www.lavras24horas.com.br\/portal\/defesa-civil-alerta-sobre-a-baixa-umidade-do-ar-e-calor-em-lavras\/","title":{"rendered":"Defesa Civil alerta sobre a baixa umidade do ar e calor em Lavras"},"content":{"rendered":"<p>&nbsp;<\/p>\n<p>&nbsp;<\/p>\n<p style=\"font-weight: 400; text-align: justify;\">Segundo informa\u00e7\u00f5es do INMET, a Defesa Civil de Lavras alerta que at\u00e9 o dia 13\/09 haver\u00e1 onda de calor e baixa umidade. H\u00e1 risco de inc\u00eandios florestais e \u00e0 sa\u00fade.<\/p>\n<p style=\"font-weight: 400; text-align: justify;\">Instru\u00e7\u00f5es:<\/p>\n<p style=\"font-weight: 400; text-align: justify;\">&#8211; Beba bastante l\u00edquido;<\/p>\n<p style=\"font-weight: 400; text-align: justify;\">&#8211; Cuidado ao realizar atividades f\u00edsicas;<\/p>\n<p style=\"font-weight: 400; text-align: justify;\">&#8211; Evite exposi\u00e7\u00e3o ao sol; e<\/p>\n<p style=\"font-weight: 400; text-align: justify;\">&#8211; Use hidratante.<\/p>\n<p style=\"font-weight: 400; text-align: justify;\">Mais informa\u00e7\u00f5es:\u00a0199 e (35) 3694-4064.<\/p>\n","protected":false},"excerpt":{"rendered":"<p>&nbsp; &nbsp; Segundo informa\u00e7\u00f5es do INMET, a Defesa Civil de Lavras alerta que at\u00e9 o dia 13\/09 haver\u00e1 onda de calor e baixa umidade. H\u00e1 risco de inc\u00eandios florestais e \u00e0 sa\u00fade. Instru\u00e7\u00f5es: &#8211; Beba bastante l\u00edquido; &#8211; Cuidado ao realizar atividades f\u00edsicas; &#8211; Evite exposi\u00e7\u00e3o ao sol; e &#8211; Use hidratante. Mais informa\u00e7\u00f5es:\u00a0199 e [&hellip;]<\/p>\n","protected":false},"author":7,"featured_media":248493,"comment_status":"closed","ping_status":"closed","sticky":false,"template":"","format":"standard","meta":{"advanced_seo_description":"","jetpack_seo_html_title":"","jetpack_seo_noindex":false,"_jetpack_memberships_contains_paid_content":false,"footnotes":""},"categories":[12,4],"tags":[467,466],"class_list":["post-248492","post","type-post","status-publish","format-standard","has-post-thumbnail","hentry","category-destaques-1","category-lavras","tag-automatico","tag-rascunho"],"jetpack_featured_media_url":"https:\/\/i0.wp.com\/www.lavras24horas.com.br\/portal\/wp-content\/uploads\/2019\/09\/ha_cinco_790x505_29072019150520.jpg?fit=600%2C386&ssl=1","jetpack_sharing_enabled":true,"jetpack_likes_enabled":true,"_links":{"self":[{"href":"https:\/\/www.lavras24horas.com.br\/portal\/wp-json\/wp\/v2\/posts\/248492","targetHints":{"allow":["GET"]}}],"collection":[{"href":"https:\/\/www.lavras24horas.com.br\/portal\/wp-json\/wp\/v2\/posts"}],"about":[{"href":"https:\/\/www.lavras24horas.com.br\/portal\/wp-json\/wp\/v2\/types\/post"}],"author":[{"embeddable":true,"href":"https:\/\/www.lavras24horas.com.br\/portal\/wp-json\/wp\/v2\/users\/7"}],"replies":[{"embeddable":true,"href":"https:\/\/www.lavras24horas.com.br\/portal\/wp-json\/wp\/v2\/comments?post=248492"}],"version-history":[{"count":2,"href":"https:\/\/www.lavras24horas.com.br\/portal\/wp-json\/wp\/v2\/posts\/248492\/revisions"}],"predecessor-version":[{"id":248495,"href":"https:\/\/www.lavras24horas.com.br\/portal\/wp-json\/wp\/v2\/posts\/248492\/revisions\/248495"}],"wp:featuredmedia":[{"embeddable":true,"href":"https:\/\/www.lavras24horas.com.br\/portal\/wp-json\/wp\/v2\/media\/248493"}],"wp:attachment":[{"href":"https:\/\/www.lavras24horas.com.br\/portal\/wp-json\/wp\/v2\/media?parent=248492"}],"wp:term":[{"taxonomy":"category","embeddable":true,"href":"https:\/\/www.lavras24horas.com.br\/portal\/wp-json\/wp\/v2\/categories?post=248492"},{"taxonomy":"post_tag","embeddable":true,"href":"https:\/\/www.lavras24horas.com.br\/portal\/wp-json\/wp\/v2\/tags?post=248492"}],"curies":[{"name":"wp","href":"https:\/\/api.w.org\/{rel}","templated":true}]}}