{"id":248482,"date":"2019-09-12T07:00:04","date_gmt":"2019-09-12T10:00:04","guid":{"rendered":"https:\/\/www.lavras24horas.com.br\/portal\/?p=248482"},"modified":"2019-09-11T15:54:52","modified_gmt":"2019-09-11T18:54:52","slug":"premiado-bacurau-estria-no-cine-do-lavras-shopping-nesta-quinta-feira-11","status":"publish","type":"post","link":"https:\/\/www.lavras24horas.com.br\/portal\/premiado-bacurau-estria-no-cine-do-lavras-shopping-nesta-quinta-feira-11\/","title":{"rendered":"Premiado \u201cBacurau\u201d estreia no Cine do Lavras Shopping nesta quinta-feira (11)"},"content":{"rendered":"<p>&nbsp;<\/p>\n<p>&nbsp;<\/p>\n<p style=\"text-align: justify;\">O aclamado filme dos diretores e roteiristas Kleber Mendon\u00e7a Filho e Juliano Dornelles \u2014 prestigiados pelo Festival de Cannes (de onde sa\u00edram com o Grande Pr\u00eamio do J\u00fari), \u201cBacurau\u201d, estreia nesta quinta-feira, dia 12, no Cine A do Lavras Shopping.<\/p>\n<p style=\"text-align: justify;\">A hist\u00f3ria \u00e9 ambientada em Bacurau, um pequeno povoado do serta\u0303o brasileiro, que da\u0301 adeus a Dona Carmelita, mulher forte e querida por quase todos, falecida aos 94 anos. Dias depois, comec\u0327am os sinais de que a tranquilidade de Bacurau estar\u00e1\u0301 sob amea\u00e7a. Uma seque\u0302ncia de incidentes mergulham o vilarejo numa tensa\u0303o crescente.<\/p>\n<p style=\"text-align: justify;\">O filme \u00e9 um dos mais comentados trabalhos cinematogr\u00e1fico do ano no pa\u00eds, sendo alvo tamb\u00e9m de an\u00e1lises comparativas com o panorama pol\u00edtico brasileiro. \u00a0Mais informa\u00e7\u00f5es <a href=\"https:\/\/www.cinea.com.br\/Movie?id=465&amp;CityId=5\"><span style=\"color: #ff0000;\"><strong>aqui<\/strong><\/span><\/a>.<\/p>\n<p style=\"text-align: justify;\">\n","protected":false},"excerpt":{"rendered":"<p>&nbsp; &nbsp; O aclamado filme dos diretores e roteiristas Kleber Mendon\u00e7a Filho e Juliano Dornelles \u2014 prestigiados pelo Festival de Cannes (de onde sa\u00edram com o Grande Pr\u00eamio do J\u00fari), \u201cBacurau\u201d, estreia nesta quinta-feira, dia 12, no Cine A do Lavras Shopping. A hist\u00f3ria \u00e9 ambientada em Bacurau, um pequeno povoado do serta\u0303o brasileiro, que [&hellip;]<\/p>\n","protected":false},"author":7,"featured_media":248483,"comment_status":"closed","ping_status":"closed","sticky":false,"template":"","format":"standard","meta":{"advanced_seo_description":"","jetpack_seo_html_title":"","jetpack_seo_noindex":false,"_jetpack_memberships_contains_paid_content":false,"footnotes":""},"categories":[13077],"tags":[467,466],"class_list":["post-248482","post","type-post","status-publish","format-standard","has-post-thumbnail","hentry","category-laterais-2","tag-automatico","tag-rascunho"],"jetpack_featured_media_url":"https:\/\/i0.wp.com\/www.lavras24horas.com.br\/portal\/wp-content\/uploads\/2019\/09\/filmebacurau1.jpg?fit=500%2C333&ssl=1","jetpack_sharing_enabled":true,"jetpack_likes_enabled":true,"_links":{"self":[{"href":"https:\/\/www.lavras24horas.com.br\/portal\/wp-json\/wp\/v2\/posts\/248482","targetHints":{"allow":["GET"]}}],"collection":[{"href":"https:\/\/www.lavras24horas.com.br\/portal\/wp-json\/wp\/v2\/posts"}],"about":[{"href":"https:\/\/www.lavras24horas.com.br\/portal\/wp-json\/wp\/v2\/types\/post"}],"author":[{"embeddable":true,"href":"https:\/\/www.lavras24horas.com.br\/portal\/wp-json\/wp\/v2\/users\/7"}],"replies":[{"embeddable":true,"href":"https:\/\/www.lavras24horas.com.br\/portal\/wp-json\/wp\/v2\/comments?post=248482"}],"version-history":[{"count":3,"href":"https:\/\/www.lavras24horas.com.br\/portal\/wp-json\/wp\/v2\/posts\/248482\/revisions"}],"predecessor-version":[{"id":248491,"href":"https:\/\/www.lavras24horas.com.br\/portal\/wp-json\/wp\/v2\/posts\/248482\/revisions\/248491"}],"wp:featuredmedia":[{"embeddable":true,"href":"https:\/\/www.lavras24horas.com.br\/portal\/wp-json\/wp\/v2\/media\/248483"}],"wp:attachment":[{"href":"https:\/\/www.lavras24horas.com.br\/portal\/wp-json\/wp\/v2\/media?parent=248482"}],"wp:term":[{"taxonomy":"category","embeddable":true,"href":"https:\/\/www.lavras24horas.com.br\/portal\/wp-json\/wp\/v2\/categories?post=248482"},{"taxonomy":"post_tag","embeddable":true,"href":"https:\/\/www.lavras24horas.com.br\/portal\/wp-json\/wp\/v2\/tags?post=248482"}],"curies":[{"name":"wp","href":"https:\/\/api.w.org\/{rel}","templated":true}]}}