{"id":248459,"date":"2019-09-11T13:13:53","date_gmt":"2019-09-11T16:13:53","guid":{"rendered":"https:\/\/www.lavras24horas.com.br\/portal\/?p=248459"},"modified":"2019-09-11T13:13:53","modified_gmt":"2019-09-11T16:13:53","slug":"comunidade-de-santa-efigenia-celebra-festa-de-sua-padroeira","status":"publish","type":"post","link":"https:\/\/www.lavras24horas.com.br\/portal\/comunidade-de-santa-efigenia-celebra-festa-de-sua-padroeira\/","title":{"rendered":"Comunidade de Santa Efig\u00eania celebra festa de sua padroeira"},"content":{"rendered":"<p>&nbsp;<\/p>\n<p>&nbsp;<\/p>\n<p><strong>FESTA DE SANTA EFIGENIA &#8211; 2019<\/strong><\/p>\n<p>Capela Santa Efig\u00eania dos Militares<br \/>\nQuartel da Policia Militar<br \/>\nPrograma\u00e7\u00e3o<\/p>\n<p>Dia 12 de Setembro \u2013 Quinta Feira<br \/>\n19:00h \u2013 Missa \u2013 Primeiro dia da Novena (Respons\u00e1vel: Legi\u00e3o de Maria e Comunidade Santa Efig\u00eania)<br \/>\nDia 13 de Setembro \u2013 Sexta Feira<br \/>\n19:00h \u2013 Missa \u2013 Segundo dia da Novena (ECC \u2013 Encontro de Casais com Cristo)<\/p>\n<p>Dia 14 de Setembro \u2013 S\u00e1bado<br \/>\n19:00h \u2013 Missa \u2013 Terceiro dia da Novena (Respons\u00e1vel: Conferencia Santa Cruz e S\u00e3o Geraldo Magela)<\/p>\n<p>Dia 15 de Setembro \u2013 Domingo \u2013 DIA DEDICADO AO D\u00cdZIMO<br \/>\n10:00h &#8211; Missa<br \/>\n18:00h \u2013 Missa \u2013 Quarto dia da Novena<\/p>\n<p>Dia 16 de Setembro \u2013 Segunda Feira<br \/>\n19:00h \u2013 Missa \u2013 Quinto dia da Novena (Respons\u00e1vel: Ter\u00e7o dos Homens e Cursilhos)<\/p>\n<p>Dia 17 de Setembro \u2013 Ter\u00e7a Feira<br \/>\n19:00h \u2013 Missa \u2013 Sexto dia da Novena (Respons\u00e1vel: Grupo de Ora\u00e7\u00e3o e Col\u00e9gio Tiradentes da PMMG)<\/p>\n<p>Dia 18 de Setembro \u2013 Quarta Feira \u2013 DIA DEDICADO A FAMILIA<br \/>\n19:00H \u2013 Missa \u2013 S\u00e9timo dia da Novena (Respons\u00e1veis: Ter\u00e7o Colinas da Serra, Pastoral da Fam\u00edlia Par\u00f3quia S\u00e3o Sebasti\u00e3o.). Ben\u00e7\u00e3o da \u00e1gua, chaves e objetos devocionais.<\/p>\n<p>Dia 19 de Setembro \u2013 Quinta Feira<br \/>\n19:00h \u2013 Missa \u2013 Oitavo dia da Novena Respons\u00e1vel: (Policia Militar e fam\u00edlia, Policia do Meio Ambiente e fam\u00edlia, Policiais da Reserva e fam\u00edlia, Bombeiros e fam\u00edlia).<\/p>\n<p>Dia 20 de Setembro \u2013 Sexta feira \u2013 DIA DEDICADO A MISERIC\u00d3RDIA<br \/>\n19:00h \u2013 Missa \u2013 Nono dia da Novena \u2013 Respons\u00e1vel: (Grupo das M\u00e3es que rezam pelos filhos)<br \/>\n20:00h \u2013 Confiss\u00f5es.<\/p>\n<p>Dia 21 de Setembro \u2013 S\u00e1bado \u2013 DIA DEDICADO A SANTA EFIGENIA<br \/>\n18:00h \u2013 MISSA E PROCISS\u00c3O EM HONRA A SANTA EFIGENIA<br \/>\n,<\/p>\n<p>Dia 22 de Setembro \u2013 Domingo FESTA EM HONRA A SANTA EFIGENIA<br \/>\n10:00h \u2013 Missa presidida pelo Bispo Diocesano Dom Jos\u00e9 Eudes.<br \/>\n17:00h \u2013 Adora\u00e7\u00e3o ao Sant\u00edssimo Sacramento.<br \/>\n18:00h \u2013 Missa.<\/p>\n","protected":false},"excerpt":{"rendered":"<p>&nbsp; &nbsp; FESTA DE SANTA EFIGENIA &#8211; 2019 Capela Santa Efig\u00eania dos Militares Quartel da Policia Militar Programa\u00e7\u00e3o Dia 12 de Setembro \u2013 Quinta Feira 19:00h \u2013 Missa \u2013 Primeiro dia da Novena (Respons\u00e1vel: Legi\u00e3o de Maria e Comunidade Santa Efig\u00eania) Dia 13 de Setembro \u2013 Sexta Feira 19:00h \u2013 Missa \u2013 Segundo dia da [&hellip;]<\/p>\n","protected":false},"author":7,"featured_media":248460,"comment_status":"closed","ping_status":"closed","sticky":false,"template":"","format":"standard","meta":{"advanced_seo_description":"","jetpack_seo_html_title":"","jetpack_seo_noindex":false,"_jetpack_memberships_contains_paid_content":false,"footnotes":""},"categories":[13077,4],"tags":[467,466],"class_list":["post-248459","post","type-post","status-publish","format-standard","has-post-thumbnail","hentry","category-laterais-2","category-lavras","tag-automatico","tag-rascunho"],"jetpack_featured_media_url":"https:\/\/i0.wp.com\/www.lavras24horas.com.br\/portal\/wp-content\/uploads\/2019\/09\/catolica_igreja_santa_efigenia.jpg?fit=512%2C384&ssl=1","jetpack_sharing_enabled":true,"jetpack_likes_enabled":true,"_links":{"self":[{"href":"https:\/\/www.lavras24horas.com.br\/portal\/wp-json\/wp\/v2\/posts\/248459","targetHints":{"allow":["GET"]}}],"collection":[{"href":"https:\/\/www.lavras24horas.com.br\/portal\/wp-json\/wp\/v2\/posts"}],"about":[{"href":"https:\/\/www.lavras24horas.com.br\/portal\/wp-json\/wp\/v2\/types\/post"}],"author":[{"embeddable":true,"href":"https:\/\/www.lavras24horas.com.br\/portal\/wp-json\/wp\/v2\/users\/7"}],"replies":[{"embeddable":true,"href":"https:\/\/www.lavras24horas.com.br\/portal\/wp-json\/wp\/v2\/comments?post=248459"}],"version-history":[{"count":1,"href":"https:\/\/www.lavras24horas.com.br\/portal\/wp-json\/wp\/v2\/posts\/248459\/revisions"}],"predecessor-version":[{"id":248461,"href":"https:\/\/www.lavras24horas.com.br\/portal\/wp-json\/wp\/v2\/posts\/248459\/revisions\/248461"}],"wp:featuredmedia":[{"embeddable":true,"href":"https:\/\/www.lavras24horas.com.br\/portal\/wp-json\/wp\/v2\/media\/248460"}],"wp:attachment":[{"href":"https:\/\/www.lavras24horas.com.br\/portal\/wp-json\/wp\/v2\/media?parent=248459"}],"wp:term":[{"taxonomy":"category","embeddable":true,"href":"https:\/\/www.lavras24horas.com.br\/portal\/wp-json\/wp\/v2\/categories?post=248459"},{"taxonomy":"post_tag","embeddable":true,"href":"https:\/\/www.lavras24horas.com.br\/portal\/wp-json\/wp\/v2\/tags?post=248459"}],"curies":[{"name":"wp","href":"https:\/\/api.w.org\/{rel}","templated":true}]}}