{"id":248446,"date":"2019-09-11T07:00:36","date_gmt":"2019-09-11T10:00:36","guid":{"rendered":"https:\/\/www.lavras24horas.com.br\/portal\/?p=248446"},"modified":"2019-09-10T16:41:00","modified_gmt":"2019-09-10T19:41:00","slug":"baixa-umidade-do-ar-preocupa-moradores-e-exige-cuidados-no-sul-de-minas","status":"publish","type":"post","link":"https:\/\/www.lavras24horas.com.br\/portal\/baixa-umidade-do-ar-preocupa-moradores-e-exige-cuidados-no-sul-de-minas\/","title":{"rendered":"Baixa umidade do ar preocupa moradores e exige cuidados no Sul de Minas"},"content":{"rendered":"<div class=\"mc-column content-text active-extra-styles \" data-block-type=\"unstyled\" data-block-weight=\"47\" data-block-id=\"2\">\n<p class=\"content-text__container \" style=\"text-align: justify;\" data-track-category=\"Link no Texto\" data-track-links=\"\">A umidade do ar deve permanecer baixa nos pr\u00f3ximos dias e exige cuidados em cidades do Sul de Minas. De acordo com a Somar Meteorologia, o n\u00edvel deve ficar entre 12 e 17%, o que exige cuidados especiais com a sa\u00fade, principalmente com as crian\u00e7as e idosos.<\/p>\n<\/div>\n<div class=\"wall protected-content\">\n<div class=\"mc-column content-text active-extra-styles \" style=\"text-align: justify;\" data-block-type=\"unstyled\" data-block-weight=\"22\" data-block-id=\"3\">\n<p class=\"content-text__container \" data-track-category=\"Link no Texto\" data-track-links=\"\">Ainda conforme a empresa, Passos, Varginha, Itajub\u00e1, Po\u00e7os de Caldas e Lavras t\u00eam previs\u00e3o de umidade no ar de at\u00e9 17%.<\/p>\n<\/div>\n<div class=\"mc-column content-text active-extra-styles \" data-block-type=\"unstyled\" data-block-weight=\"30\" data-block-id=\"4\">\n<p class=\"content-text__container \" style=\"text-align: justify;\" data-track-category=\"Link no Texto\" data-track-links=\"\">Segundo o m\u00e9dico Alberto Severo de Paiva Filho, a baixa umidade pode deixar as vias a\u00e9reas irritadas, j\u00e1 que o ar fica polu\u00eddo e com muitas part\u00edculas em suspens\u00e3o.<\/p>\n<div class=\"mc-column content-text active-extra-styles \" style=\"text-align: justify;\" data-block-type=\"unstyled\" data-block-weight=\"15\" data-block-id=\"8\">\n<p class=\"content-text__container \" data-track-category=\"Link no Texto\" data-track-links=\"\">A situa\u00e7\u00e3o favorece tamb\u00e9m doen\u00e7as respirat\u00f3rias e as infectocontagiosas como, por exemplo, a conjuntivite.<\/p>\n<\/div>\n<div class=\"mc-column content-text active-extra-styles \" style=\"text-align: justify;\" data-block-type=\"unstyled\" data-block-weight=\"40\" data-block-id=\"9\">\n<p class=\"content-text__container \" data-track-category=\"Link no Texto\" data-track-links=\"\">\u201cAs doen\u00e7as virais tem propens\u00e3o maior de serem transmitidas entre as pessoas nessas condi\u00e7\u00f5es. Idosos e crian\u00e7as s\u00e3o os grupos mais vulner\u00e1veis. S\u00e3o faixas et\u00e1rias mais propensas as complica\u00e7\u00f5es e a transmiss\u00e3o de doen\u00e7as relacionadas \u00e0 baixa umidade doa ar\u201d.<\/p>\n<\/div>\n<div class=\"mc-column content-text active-extra-styles \" data-block-type=\"unstyled\" data-block-weight=\"9\" data-block-id=\"10\">\n<p class=\"content-text__container \" style=\"text-align: justify;\" data-track-category=\"Link no Texto\" data-track-links=\"\">Alberto alerta tamb\u00e9m para a import\u00e2ncia da hidrata\u00e7\u00e3o.<\/p>\n<p style=\"text-align: justify;\" data-track-category=\"Link no Texto\" data-track-links=\"\">\n<\/div>\n<\/div>\n<\/div>\n","protected":false},"excerpt":{"rendered":"<p>A umidade do ar deve permanecer baixa nos pr\u00f3ximos dias e exige cuidados em cidades do Sul de Minas. De acordo com a Somar Meteorologia, o n\u00edvel deve ficar entre 12 e 17%, o que exige cuidados especiais com a sa\u00fade, principalmente com as crian\u00e7as e idosos. Ainda conforme a empresa, Passos, Varginha, Itajub\u00e1, Po\u00e7os [&hellip;]<\/p>\n","protected":false},"author":7,"featured_media":0,"comment_status":"closed","ping_status":"closed","sticky":false,"template":"","format":"standard","meta":{"advanced_seo_description":"","jetpack_seo_html_title":"","jetpack_seo_noindex":false,"_jetpack_memberships_contains_paid_content":false,"footnotes":""},"categories":[12,4],"tags":[467,466],"class_list":["post-248446","post","type-post","status-publish","format-standard","hentry","category-destaques-1","category-lavras","tag-automatico","tag-rascunho"],"jetpack_featured_media_url":"","jetpack_sharing_enabled":true,"jetpack_likes_enabled":true,"_links":{"self":[{"href":"https:\/\/www.lavras24horas.com.br\/portal\/wp-json\/wp\/v2\/posts\/248446","targetHints":{"allow":["GET"]}}],"collection":[{"href":"https:\/\/www.lavras24horas.com.br\/portal\/wp-json\/wp\/v2\/posts"}],"about":[{"href":"https:\/\/www.lavras24horas.com.br\/portal\/wp-json\/wp\/v2\/types\/post"}],"author":[{"embeddable":true,"href":"https:\/\/www.lavras24horas.com.br\/portal\/wp-json\/wp\/v2\/users\/7"}],"replies":[{"embeddable":true,"href":"https:\/\/www.lavras24horas.com.br\/portal\/wp-json\/wp\/v2\/comments?post=248446"}],"version-history":[{"count":1,"href":"https:\/\/www.lavras24horas.com.br\/portal\/wp-json\/wp\/v2\/posts\/248446\/revisions"}],"predecessor-version":[{"id":248450,"href":"https:\/\/www.lavras24horas.com.br\/portal\/wp-json\/wp\/v2\/posts\/248446\/revisions\/248450"}],"wp:attachment":[{"href":"https:\/\/www.lavras24horas.com.br\/portal\/wp-json\/wp\/v2\/media?parent=248446"}],"wp:term":[{"taxonomy":"category","embeddable":true,"href":"https:\/\/www.lavras24horas.com.br\/portal\/wp-json\/wp\/v2\/categories?post=248446"},{"taxonomy":"post_tag","embeddable":true,"href":"https:\/\/www.lavras24horas.com.br\/portal\/wp-json\/wp\/v2\/tags?post=248446"}],"curies":[{"name":"wp","href":"https:\/\/api.w.org\/{rel}","templated":true}]}}