{"id":248422,"date":"2019-09-10T12:17:14","date_gmt":"2019-09-10T15:17:14","guid":{"rendered":"https:\/\/www.lavras24horas.com.br\/portal\/?p=248422"},"modified":"2019-09-10T12:17:14","modified_gmt":"2019-09-10T15:17:14","slug":"setembro-amarelo-regiao-de-lavras-registrou-77-casos-de-suicidio-somente-este-ano","status":"publish","type":"post","link":"https:\/\/www.lavras24horas.com.br\/portal\/setembro-amarelo-regiao-de-lavras-registrou-77-casos-de-suicidio-somente-este-ano\/","title":{"rendered":"Setembro Amarelo: Regi\u00e3o de Lavras registrou 77 casos de suic\u00eddio somente este ano"},"content":{"rendered":"<p>&nbsp;<\/p>\n<p style=\"text-align: justify;\">Como \u00e9 sabido o Setembro Amarelo \u00e9 uma campanha brasileira de preven\u00e7\u00e3o ao suic\u00eddio, iniciada em 2015. \u00c9 uma iniciativa do Centro de Valoriza\u00e7\u00e3o da Vida (CVV), do Conselho Federal de Medicina (CFM) e da Associa\u00e7\u00e3o Brasileira de Psiquiatria (ABP). O m\u00eas de setembro foi escolhido para a campanha porque, desde 2003, o dia 10 de setembro \u00e9 o Dia Mundial de Preven\u00e7\u00e3o do Suic\u00eddio. A ideia \u00e9 promover eventos que abram espa\u00e7o para debates sobre suic\u00eddio e divulgar o tema alertando a popula\u00e7\u00e3o sobre a import\u00e2ncia de sua discuss\u00e3o.<\/p>\n<p style=\"text-align: justify;\">\nA origem da cor amarela se deu em 1994 quando um jovem americano de apenas 17 anos, chamado Mike Emme, tirou a pr\u00f3pria vida dirigindo seu carro amarelo. Seus amigos e familiares distribu\u00edram no funeral cart\u00f5es com fitas amarelas e mensagens de apoio para pessoas que estivessem enfrentando o mesmo desespero de Mike, e a mensagem foi se espelhando mundo afora.<\/p>\n<p style=\"text-align: justify;\">\nO suic\u00eddio \u00e9 quest\u00e3o de Sa\u00fade P\u00fablica em todos os pa\u00edses, por que anualmente o n\u00famero de suic\u00eddios \u00e9 maior que a soma de todos os homic\u00eddios, acidentes de transporte, guerras e conflitos civis, no mesmo per\u00edodo.<\/p>\n<p style=\"text-align: justify;\">\nA cada 40 segundos uma pessoa comete suic\u00eddio no mundo &#8211; cerca de 800.000 \u00f3bitos\/ano. Os homens se matam 4x mais que as mulheres. Jovens entre 15 a 35 anos e idosos acima de 65 anos registram o maior n\u00famero de casos. Os idosos por que vivenciam um isolamento social mais intenso em raz\u00e3o da maior exposi\u00e7\u00e3o a doen\u00e7as ou limita\u00e7\u00f5es f\u00edsicas, afastamento do mercado de trabalho e perdas de c\u00f4njuge.<\/p>\n<p style=\"text-align: justify;\">\nSegundo as estat\u00edsticas regionais da 1\u00aa Delegacia Regional de Pol\u00edcia Civil de Lavras, que abrangem as cidades de: Lavras, Perd\u00f5es, Cana Verde, Itumirim, Inga\u00ed, Carrancas, Bom Sucesso, Ibituruna, Santo Ant\u00f4nio do Amparo, Nepomuceno, Ijaci, Lumin\u00e1rias e Ribeir\u00e3o Vermelho, foram registrados em 2013: 139 mortes, em 2014: 136 mortes, em 2015: 122 mortes, em 2016: 59 mortes, em 2017: 100 mortes, em 2018: 97 mortes e em 2019: 77 mortes (at\u00e9 agosto).<\/p>\n<p style=\"text-align: justify;\">\nA Superintend\u00eancia Regional de Sa\u00fade de Varginha registrou em Lavras a seguinte estat\u00edstica: em 2013: 12 mortes, em 2014: 21 mortes, em 2015: 11 mortes, em 2016: 9 mortes, em 2017: 8 mortes, em 2018: 11 mortes, em 2019: 6 mortes (at\u00e9 agosto).<\/p>\n<p style=\"text-align: justify;\">\nVale lembrar que 9 a 10 suic\u00eddios podem ser evitados! \u00c9 necess\u00e1rio ficar atento \u00e0s frases de alerta que s\u00e3o: Eu preferia estar morto! Eu n\u00e3o posso fazer nada! Eu n\u00e3o aguento mais! Eu sou um perdedor e um peso para os outros! Os outros v\u00e3o ser mais felizes sem mim!<\/p>\n<p style=\"text-align: justify;\">\nE tamb\u00e9m criar metas de preven\u00e7\u00e3o ao suic\u00eddio, tais como: conscientiza\u00e7\u00e3o da popula\u00e7\u00e3o; divulga\u00e7\u00e3o respons\u00e1vel pela m\u00eddia; programas em escolas; disponibilidade multisetorial para preven\u00e7\u00e3o e manuten\u00e7\u00e3o de estat\u00edsticas atualizadas sobre suic\u00eddio.<\/p>\n<p style=\"text-align: justify;\">\nE lembre-se: seja um arco \u00edris na nuvem de algu\u00e9m e n\u00e3o coloque a chave da sua felicidade no bolso de outra pessoa!<\/p>\n<p style=\"text-align: justify;\">\nPrecisando: ligue 188 (liga\u00e7\u00e3o gratuita em todo Brasil) e para baixar livro \u201cValoriza\u00e7\u00e3o da Vida e Preven\u00e7\u00e3o do Suic\u00eddio: Um Projeto Social\u201d acesse www.abcriminologia.com.br<\/p>\n<p style=\"text-align: justify;\"><strong>Texto: Dr\u00aa Michele Rocha &#8211; OAB\/MG 148.276\u00a0 &#8211; Advogada e Membro da Comiss\u00e3o OAB Cidad\u00e3 \u2013 Subse\u00e7\u00e3o Lavras<\/strong><\/p>\n","protected":false},"excerpt":{"rendered":"<p>&nbsp; Como \u00e9 sabido o Setembro Amarelo \u00e9 uma campanha brasileira de preven\u00e7\u00e3o ao suic\u00eddio, iniciada em 2015. \u00c9 uma iniciativa do Centro de Valoriza\u00e7\u00e3o da Vida (CVV), do Conselho Federal de Medicina (CFM) e da Associa\u00e7\u00e3o Brasileira de Psiquiatria (ABP). O m\u00eas de setembro foi escolhido para a campanha porque, desde 2003, o dia [&hellip;]<\/p>\n","protected":false},"author":7,"featured_media":248423,"comment_status":"closed","ping_status":"closed","sticky":false,"template":"","format":"standard","meta":{"advanced_seo_description":"","jetpack_seo_html_title":"","jetpack_seo_noindex":false,"_jetpack_memberships_contains_paid_content":false,"footnotes":""},"categories":[13077,4],"tags":[467,466],"class_list":["post-248422","post","type-post","status-publish","format-standard","has-post-thumbnail","hentry","category-laterais-2","category-lavras","tag-automatico","tag-rascunho"],"jetpack_featured_media_url":"https:\/\/i0.wp.com\/www.lavras24horas.com.br\/portal\/wp-content\/uploads\/2019\/09\/SETEMBRO-AMARELO25-e1560782143588.jpg?fit=600%2C360&ssl=1","jetpack_sharing_enabled":true,"jetpack_likes_enabled":true,"_links":{"self":[{"href":"https:\/\/www.lavras24horas.com.br\/portal\/wp-json\/wp\/v2\/posts\/248422","targetHints":{"allow":["GET"]}}],"collection":[{"href":"https:\/\/www.lavras24horas.com.br\/portal\/wp-json\/wp\/v2\/posts"}],"about":[{"href":"https:\/\/www.lavras24horas.com.br\/portal\/wp-json\/wp\/v2\/types\/post"}],"author":[{"embeddable":true,"href":"https:\/\/www.lavras24horas.com.br\/portal\/wp-json\/wp\/v2\/users\/7"}],"replies":[{"embeddable":true,"href":"https:\/\/www.lavras24horas.com.br\/portal\/wp-json\/wp\/v2\/comments?post=248422"}],"version-history":[{"count":1,"href":"https:\/\/www.lavras24horas.com.br\/portal\/wp-json\/wp\/v2\/posts\/248422\/revisions"}],"predecessor-version":[{"id":248424,"href":"https:\/\/www.lavras24horas.com.br\/portal\/wp-json\/wp\/v2\/posts\/248422\/revisions\/248424"}],"wp:featuredmedia":[{"embeddable":true,"href":"https:\/\/www.lavras24horas.com.br\/portal\/wp-json\/wp\/v2\/media\/248423"}],"wp:attachment":[{"href":"https:\/\/www.lavras24horas.com.br\/portal\/wp-json\/wp\/v2\/media?parent=248422"}],"wp:term":[{"taxonomy":"category","embeddable":true,"href":"https:\/\/www.lavras24horas.com.br\/portal\/wp-json\/wp\/v2\/categories?post=248422"},{"taxonomy":"post_tag","embeddable":true,"href":"https:\/\/www.lavras24horas.com.br\/portal\/wp-json\/wp\/v2\/tags?post=248422"}],"curies":[{"name":"wp","href":"https:\/\/api.w.org\/{rel}","templated":true}]}}