{"id":248415,"date":"2019-09-10T07:00:11","date_gmt":"2019-09-10T10:00:11","guid":{"rendered":"https:\/\/www.lavras24horas.com.br\/portal\/?p=248415"},"modified":"2019-09-10T07:17:44","modified_gmt":"2019-09-10T10:17:44","slug":"oms-alerta-para-adocao-de-estrategias-de-prevencao-ao-suicidio","status":"publish","type":"post","link":"https:\/\/www.lavras24horas.com.br\/portal\/oms-alerta-para-adocao-de-estrategias-de-prevencao-ao-suicidio\/","title":{"rendered":"OMS alerta para ado\u00e7\u00e3o de estrat\u00e9gias de preven\u00e7\u00e3o ao suic\u00eddio"},"content":{"rendered":"<p>&nbsp;<\/p>\n<p>&nbsp;<\/p>\n<p style=\"text-align: justify;\">Dos 183 pa\u00edses integrantes da Organiza\u00e7\u00e3o Mundial da Sa\u00fade (OMS), apenas 38 pesquisados pelo organismo, entre eles o Brasil, contam com uma estrat\u00e9gia nacional de preven\u00e7\u00e3o ao suic\u00eddio. Embora represente um aumento de quase 35% em compara\u00e7\u00e3o aos 28 pa\u00edses que, j\u00e1 em 2014, tinham estabelecido pol\u00edticas p\u00fablicas para lidar com o tema, o resultado ainda \u00e9 considerado insuficiente pela OMS.<\/p>\n<p style=\"text-align: justify;\">Em um relat\u00f3rio divulgado, hoje (9), v\u00e9spera do Dia Mundial para a Preven\u00e7\u00e3o ao Suic\u00eddio, a organiza\u00e7\u00e3o alerta sobre a necessidade dos governantes mundiais estabelecerem estrat\u00e9gias nacionais, instituindo medidas preventivas e orienta\u00e7\u00f5es claras para auxiliar a popula\u00e7\u00e3o a lidar com o tema, que costuma ser encoberto por uma nuvem de preconceitos e incompreens\u00e3o.<\/p>\n<p style=\"text-align: justify;\">De acordo com a organiza\u00e7\u00e3o, uma pessoa se suicida a cada 40 segundos, no mundo. N\u00famero que, conforme destaca o relat\u00f3rio, n\u00e3o representa fielmente a realidade, j\u00e1 que, para cada morte devidamente registrada, h\u00e1 muitas outras tentativas e \u00f3bitos que n\u00e3o chegam a ser contabilizados como suic\u00eddios.<\/p>\n<p style=\"text-align: justify;\">Segundo a OMS, apenas 80 dos 183 pa\u00edses-membros da organiza\u00e7\u00e3o disp\u00f5em de informa\u00e7\u00f5es de \u201cboa qualidade\u201d sobre o tema, o que dificulta a elabora\u00e7\u00e3o de uma estrat\u00e9gia nacional eficaz. Ainda de acordo com a OMS, 79% de todos os casos mundiais se concentram em pa\u00edses de baixa renda \u2013 ainda que, por raz\u00f5es demogr\u00e1ficas, as maiores taxas de casos por cada grupo de 100 mil habitantes tenham sido registradas nos pa\u00edses desenvolvidos e de maior poder aquisitivo, diz a organiza\u00e7\u00e3o.<\/p>\n<p style=\"text-align: justify;\">Jovens<br \/>\nO autoexterm\u00ednio j\u00e1 \u00e9 a segunda causa de morte entre jovens de 15 a 29 anos, atr\u00e1s apenas dos acidentes de tr\u00e2nsito, segundo a OMS. Globalmente, se analisados os g\u00eaneros, o suic\u00eddio \u00e9 a segunda causa de mortes entre meninas de 15 a 19 anos (depois de problemas decorrentes da maternidade) e a terceira entre garotos da mesma faixa et\u00e1ria (superada por acidentes de tr\u00e2nsito e por casos de agress\u00e3o).<\/p>\n<p style=\"text-align: justify;\">Ap\u00f3s avaliarem experi\u00eancias bem-sucedidas em diversas na\u00e7\u00f5es, os respons\u00e1veis pelo relat\u00f3rio apontam que as formas mais eficazes de reduzir o n\u00famero de suic\u00eddios incluem medidas para dificultar o acesso a alguns meios de se matar; a sensibiliza\u00e7\u00e3o dos meios de comunica\u00e7\u00e3o sobre a import\u00e2ncia de abordar o assunto da forma correta; a oferta de programas que ensinem os jovens a lidar com as frustra\u00e7\u00f5es e problemas cotidianos e a identifica\u00e7\u00e3o de pessoas sob risco, oferecendo-lhe todo o apoio necess\u00e1rio.<\/p>\n<p style=\"text-align: justify;\">Dentre as medidas, a OMS destaca as restri\u00e7\u00f5es ao livre acesso a pesticidas como a mais eficaz, j\u00e1 que a letalidade desses produtos \u00e9 muito alta. Dados internacionais apontam que a proibi\u00e7\u00e3o dos produtos mais perigosos \u00e0 sa\u00fade humana contribuiu para a redu\u00e7\u00e3o das taxas de suic\u00eddio em v\u00e1rios pa\u00edses, como o Sri Lanka, onde, segundo a OMS, uma s\u00e9rie de medidas restritivas reduziram em cerca de 70% a taxa de suic\u00eddio, ajudando a salvar em torno de 93 mil vidas entre 1995 e 2015. Outra fonte de preocupa\u00e7\u00e3o dos especialistas em todo o mundo \u00e9 o acesso \u00e0s armas de fogo.<\/p>\n<p style=\"text-align: justify;\">Renda<br \/>\nA OMS ressalta que, embora a liga\u00e7\u00e3o entre suic\u00eddio e transtornos mentais, particularmente transtornos relacionados \u00e0 depress\u00e3o e ao uso de \u00e1lcool, esteja bem documentada em pa\u00edses com renda elevada, muitos suic\u00eddios ocorrem impulsivamente durante tempos de crise que minam a capacidade de enfrentar as tens\u00f5es da vida, como problemas financeiros, quebra de relacionamento ou dor e doen\u00e7a cr\u00f4nica.<\/p>\n<p style=\"text-align: justify;\">Al\u00e9m disso, experi\u00eancias relacionadas a conflitos, desastres, viol\u00eancia, abuso, perdas e sentimentos de isolamento est\u00e3o intimamente ligadas ao comportamento suicida. As taxas de suic\u00eddio tamb\u00e9m s\u00e3o altas entre grupos vulner\u00e1veis sujeitos a discrimina\u00e7\u00e3o, por exemplo, refugiados e migrantes; comunidades ind\u00edgenas; pessoas l\u00e9sbicas, gays, bissexuais, transg\u00eaneros, intersexuais e presos.<\/p>\n<p style=\"text-align: justify;\">Desde 2006, quando foi publicada a Portaria n\u00ba 1.876, o Brasil conta com diretrizes para a preven\u00e7\u00e3o ao suic\u00eddio. A norma estabelece que as medidas devem ser implantadas em todas as unidades da federa\u00e7\u00e3o e incluir, entre outras a\u00e7\u00f5es, medidas de promo\u00e7\u00e3o de qualidade de vida, de educa\u00e7\u00e3o, de prote\u00e7\u00e3o e de recupera\u00e7\u00e3o da sa\u00fade e de preven\u00e7\u00e3o de danos, a fim de fazer frente aos casos de suic\u00eddios, classificados como &#8220;um grave problema de sa\u00fade p\u00fablica, que afeta toda a sociedade e que pode ser prevenido&#8221;.<\/p>\n<p style=\"text-align: justify;\">No ano de publica\u00e7\u00e3o da portaria, o Minist\u00e9rio da Sa\u00fade apontava o &#8220;aumento observado na frequ\u00eancia do comportamento suicida entre jovens entre 15 e 25 anos, de ambos os sexos, escolaridades diversas e em todas as camadas sociais&#8221;, como uma raz\u00e3o para a ado\u00e7\u00e3o de diretrizes nacionais.<\/p>\n","protected":false},"excerpt":{"rendered":"<p>&nbsp; &nbsp; Dos 183 pa\u00edses integrantes da Organiza\u00e7\u00e3o Mundial da Sa\u00fade (OMS), apenas 38 pesquisados pelo organismo, entre eles o Brasil, contam com uma estrat\u00e9gia nacional de preven\u00e7\u00e3o ao suic\u00eddio. Embora represente um aumento de quase 35% em compara\u00e7\u00e3o aos 28 pa\u00edses que, j\u00e1 em 2014, tinham estabelecido pol\u00edticas p\u00fablicas para lidar com o tema, [&hellip;]<\/p>\n","protected":false},"author":7,"featured_media":248416,"comment_status":"closed","ping_status":"closed","sticky":false,"template":"","format":"standard","meta":{"advanced_seo_description":"","jetpack_seo_html_title":"","jetpack_seo_noindex":false,"_jetpack_memberships_contains_paid_content":false,"footnotes":""},"categories":[12,4],"tags":[467,466],"class_list":["post-248415","post","type-post","status-publish","format-standard","has-post-thumbnail","hentry","category-destaques-1","category-lavras","tag-automatico","tag-rascunho"],"jetpack_featured_media_url":"https:\/\/i0.wp.com\/www.lavras24horas.com.br\/portal\/wp-content\/uploads\/2019\/09\/f5dbc4dbd6_mcmgo_abr_070820180688.jpg?fit=500%2C273&ssl=1","jetpack_sharing_enabled":true,"jetpack_likes_enabled":true,"_links":{"self":[{"href":"https:\/\/www.lavras24horas.com.br\/portal\/wp-json\/wp\/v2\/posts\/248415","targetHints":{"allow":["GET"]}}],"collection":[{"href":"https:\/\/www.lavras24horas.com.br\/portal\/wp-json\/wp\/v2\/posts"}],"about":[{"href":"https:\/\/www.lavras24horas.com.br\/portal\/wp-json\/wp\/v2\/types\/post"}],"author":[{"embeddable":true,"href":"https:\/\/www.lavras24horas.com.br\/portal\/wp-json\/wp\/v2\/users\/7"}],"replies":[{"embeddable":true,"href":"https:\/\/www.lavras24horas.com.br\/portal\/wp-json\/wp\/v2\/comments?post=248415"}],"version-history":[{"count":1,"href":"https:\/\/www.lavras24horas.com.br\/portal\/wp-json\/wp\/v2\/posts\/248415\/revisions"}],"predecessor-version":[{"id":248417,"href":"https:\/\/www.lavras24horas.com.br\/portal\/wp-json\/wp\/v2\/posts\/248415\/revisions\/248417"}],"wp:featuredmedia":[{"embeddable":true,"href":"https:\/\/www.lavras24horas.com.br\/portal\/wp-json\/wp\/v2\/media\/248416"}],"wp:attachment":[{"href":"https:\/\/www.lavras24horas.com.br\/portal\/wp-json\/wp\/v2\/media?parent=248415"}],"wp:term":[{"taxonomy":"category","embeddable":true,"href":"https:\/\/www.lavras24horas.com.br\/portal\/wp-json\/wp\/v2\/categories?post=248415"},{"taxonomy":"post_tag","embeddable":true,"href":"https:\/\/www.lavras24horas.com.br\/portal\/wp-json\/wp\/v2\/tags?post=248415"}],"curies":[{"name":"wp","href":"https:\/\/api.w.org\/{rel}","templated":true}]}}