{"id":248402,"date":"2019-09-09T13:10:38","date_gmt":"2019-09-09T16:10:38","guid":{"rendered":"https:\/\/www.lavras24horas.com.br\/portal\/?p=248402"},"modified":"2019-09-09T13:10:38","modified_gmt":"2019-09-09T16:10:38","slug":"hoje-audiencia-publica-discute-orcamento-municipal-para-2020","status":"publish","type":"post","link":"https:\/\/www.lavras24horas.com.br\/portal\/hoje-audiencia-publica-discute-orcamento-municipal-para-2020\/","title":{"rendered":"Hoje: Audi\u00eancia P\u00fablica discute Or\u00e7amento Municipal para 2020"},"content":{"rendered":"<p>&nbsp;<\/p>\n<p>&nbsp;<\/p>\n<p style=\"text-align: justify;\">A Secret\u00e1ria Municipal de Fazenda e Planejamento convida todos os moradores e entidades interessadas a participar da audi\u00eancia p\u00fablica que discutir\u00e1 o Or\u00e7amento do Munic\u00edpio de Lavras para o exerc\u00edcio de 2020. Ela atende a Lei de Responsabilidade Fiscal.<\/p>\n<p style=\"text-align: justify;\">A audi\u00eancia p\u00fablica acontecer\u00e1 nesta segunda-feira, dia dia 9, \u00e0s 14h, no audit\u00f3rio da Escola Padre Dehon, na avenida Antonio Vaz Monteiro, 338.<\/p>\n<p>&nbsp;<\/p>\n<p>&nbsp;<\/p>\n<p>&nbsp;<\/p>\n","protected":false},"excerpt":{"rendered":"<p>&nbsp; &nbsp; A Secret\u00e1ria Municipal de Fazenda e Planejamento convida todos os moradores e entidades interessadas a participar da audi\u00eancia p\u00fablica que discutir\u00e1 o Or\u00e7amento do Munic\u00edpio de Lavras para o exerc\u00edcio de 2020. Ela atende a Lei de Responsabilidade Fiscal. A audi\u00eancia p\u00fablica acontecer\u00e1 nesta segunda-feira, dia dia 9, \u00e0s 14h, no audit\u00f3rio da [&hellip;]<\/p>\n","protected":false},"author":7,"featured_media":248403,"comment_status":"closed","ping_status":"closed","sticky":false,"template":"","format":"standard","meta":{"advanced_seo_description":"","jetpack_seo_html_title":"","jetpack_seo_noindex":false,"_jetpack_memberships_contains_paid_content":false,"footnotes":""},"categories":[13077,4],"tags":[467,466],"class_list":["post-248402","post","type-post","status-publish","format-standard","has-post-thumbnail","hentry","category-laterais-2","category-lavras","tag-automatico","tag-rascunho"],"jetpack_featured_media_url":"https:\/\/i0.wp.com\/www.lavras24horas.com.br\/portal\/wp-content\/uploads\/2019\/09\/lavras-panoramica.jpg?fit=500%2C333&ssl=1","jetpack_sharing_enabled":true,"jetpack_likes_enabled":true,"_links":{"self":[{"href":"https:\/\/www.lavras24horas.com.br\/portal\/wp-json\/wp\/v2\/posts\/248402","targetHints":{"allow":["GET"]}}],"collection":[{"href":"https:\/\/www.lavras24horas.com.br\/portal\/wp-json\/wp\/v2\/posts"}],"about":[{"href":"https:\/\/www.lavras24horas.com.br\/portal\/wp-json\/wp\/v2\/types\/post"}],"author":[{"embeddable":true,"href":"https:\/\/www.lavras24horas.com.br\/portal\/wp-json\/wp\/v2\/users\/7"}],"replies":[{"embeddable":true,"href":"https:\/\/www.lavras24horas.com.br\/portal\/wp-json\/wp\/v2\/comments?post=248402"}],"version-history":[{"count":1,"href":"https:\/\/www.lavras24horas.com.br\/portal\/wp-json\/wp\/v2\/posts\/248402\/revisions"}],"predecessor-version":[{"id":248404,"href":"https:\/\/www.lavras24horas.com.br\/portal\/wp-json\/wp\/v2\/posts\/248402\/revisions\/248404"}],"wp:featuredmedia":[{"embeddable":true,"href":"https:\/\/www.lavras24horas.com.br\/portal\/wp-json\/wp\/v2\/media\/248403"}],"wp:attachment":[{"href":"https:\/\/www.lavras24horas.com.br\/portal\/wp-json\/wp\/v2\/media?parent=248402"}],"wp:term":[{"taxonomy":"category","embeddable":true,"href":"https:\/\/www.lavras24horas.com.br\/portal\/wp-json\/wp\/v2\/categories?post=248402"},{"taxonomy":"post_tag","embeddable":true,"href":"https:\/\/www.lavras24horas.com.br\/portal\/wp-json\/wp\/v2\/tags?post=248402"}],"curies":[{"name":"wp","href":"https:\/\/api.w.org\/{rel}","templated":true}]}}