{"id":248395,"date":"2019-09-09T12:41:16","date_gmt":"2019-09-09T15:41:16","guid":{"rendered":"https:\/\/www.lavras24horas.com.br\/portal\/?p=248395"},"modified":"2019-09-09T12:41:16","modified_gmt":"2019-09-09T15:41:16","slug":"recem-formada-da-ufla-conquista-primeiro-lugar-em-concurso-promovido-pelo-mercosul","status":"publish","type":"post","link":"https:\/\/www.lavras24horas.com.br\/portal\/recem-formada-da-ufla-conquista-primeiro-lugar-em-concurso-promovido-pelo-mercosul\/","title":{"rendered":"Rec\u00e9m-formada da UFLA conquista primeiro lugar em concurso promovido pelo Mercosul"},"content":{"rendered":"<p>&nbsp;<\/p>\n<p>&nbsp;<\/p>\n<p style=\"text-align: justify;\">A rec\u00e9m-formada do curso de Direito e servidora da Universidade Federal de Lavras (UFLA), Amanda Cristina Silv\u00e9rio, conquistou o primeiro lugar na categoria \u201cProfissional de Ci\u00eancias Sociais\u201d no concurso de trabalhos\/artigos promovido pelo Mercosul, intitulado &#8220;<a href=\"http:\/\/www.ismercosur.org\/pt-br\/iipremio-resultados-2\/?lang=pt-br\">II\u00a0 Pr\u00eamio de Pesquisas em pol\u00edticas sociais do Mercosul<\/a>\u00a0&#8220;\u201d. A cerim\u00f4nia de premia\u00e7\u00e3o foi realizada no Centro Cultural da Embaixada do Brasil em Assun\u00e7\u00e3o, Argentina, no dia 22\/8, durante o Semin\u00e1rio Internacional \u201cO Estatuto da Cidadania do Mercosul: desafios para a constru\u00e7\u00e3o de uma cidadania regional. \u201d<\/p>\n<p style=\"text-align: justify;\">\u201cA pesquisa trata\u00a0sobre os paradigmas e estrat\u00e9gias de combate \u00e0 escravid\u00e3o contempor\u00e2nea\u00a0frente \u00e0 concretiza\u00e7\u00e3o do trabalho decente no \u00e2mbito do Mercosul. Nela, realizo uma an\u00e1lise da escravid\u00e3o contempor\u00e2nea frente \u00e0 l\u00f3gica do trabalho decente constante no objetivo 8 da Agenda 2030 da Organiza\u00e7\u00e3o das Na\u00e7\u00f5es Unidas (ONU), levando em considera\u00e7\u00f5es documentos emitidos pelo Mercosul, tais como Declara\u00e7\u00e3o Sociolaboral, Plano Estrat\u00e9gico de Atua\u00e7\u00e3o Social e Plano de A\u00e7\u00e3o para o Estabelecimento do Estatuto Comum do Mercosul, elencando assim os principais desafios e perspectivas para preven\u00e7\u00e3o, combate e erradica\u00e7\u00e3o do trabalho escravo contempor\u00e2neo no \u00e2mbito do Bloco\u201d, explica Amanda Silv\u00e9rio.<\/p>\n<h3 style=\"text-align: justify;\"><strong>Trajet\u00f3ria<\/strong><\/h3>\n<p style=\"text-align: justify;\">Amanda iniciou suas pesquisas entre 2015 e 2016 no Programa de Inicia\u00e7\u00e3o Cient\u00edfica Volunt\u00e1ria da (PIVIC\/UFLA), quando come\u00e7ou a desenvolver pesquisas sobre trabalho escravo contempor\u00e2neo sob a orienta\u00e7\u00e3o da professora do Departamento de Direito (DIR) Maria das Gra\u00e7as Paula e co-orienta\u00e7\u00e3o do professor Leonardo Gomes Penteado Rosa. A referida pesquisa obteve o Pr\u00eamio Graduando Destaque na inicia\u00e7\u00e3o cient\u00edfica em 2015, promovido pela UFLA e pela Funda\u00e7\u00e3o de Desenvolvimento Cient\u00edfico e Cultural (Fundecc).<\/p>\n<p style=\"text-align: justify;\">Ap\u00f3s a inicia\u00e7\u00e3o cient\u00edfica, continuou a desenvolver pesquisas correlatas ao assunto, que deu origem a uma monografia intitulada \u201cA marginaliza\u00e7\u00e3o do trabalhador: ensaios hist\u00f3ricos, pol\u00edticos e jur\u00eddico-sociais sobre a quest\u00e3o do trabalho escravo no Brasil contempor\u00e2neo.\u201d Apresentada \u00e0 Academia Brasileira de Letras Jur\u00eddicas (ABLJ), a pesquisa obteve o Pr\u00eamio Jur\u00eddico Orlando Gomes \u2013 \u00c9lson Gottschalk, categoria Direito do Trabalho 2016.<\/p>\n<p style=\"text-align: justify;\">Ap\u00f3s se formar na UFLA, em agosto de 2018, continuou a desenvolver pesquisas de forma independente, mas sempre contou com a colabora\u00e7\u00e3o da professora Maria das Gra\u00e7as Paula.\u00a0Atualmente, continua seus estudos no Mestrado em Direito do Trabalho na Faculdade de Direito de Ribeir\u00e3o Preto- USP Ribeir\u00e3o, sob orienta\u00e7\u00e3o da professora Maria Hem\u00edlia Fonseca.<\/p>\n<p style=\"text-align: justify;\"><strong>Texto:\u00a0Greicielle dos Santos &#8211; bolsista Dcom\/Fapemig<\/strong><\/p>\n","protected":false},"excerpt":{"rendered":"<p>&nbsp; &nbsp; A rec\u00e9m-formada do curso de Direito e servidora da Universidade Federal de Lavras (UFLA), Amanda Cristina Silv\u00e9rio, conquistou o primeiro lugar na categoria \u201cProfissional de Ci\u00eancias Sociais\u201d no concurso de trabalhos\/artigos promovido pelo Mercosul, intitulado &#8220;II\u00a0 Pr\u00eamio de Pesquisas em pol\u00edticas sociais do Mercosul\u00a0&#8220;\u201d. A cerim\u00f4nia de premia\u00e7\u00e3o foi realizada no Centro Cultural [&hellip;]<\/p>\n","protected":false},"author":7,"featured_media":248396,"comment_status":"closed","ping_status":"closed","sticky":false,"template":"","format":"standard","meta":{"advanced_seo_description":"","jetpack_seo_html_title":"","jetpack_seo_noindex":false,"_jetpack_memberships_contains_paid_content":false,"footnotes":""},"categories":[14,4],"tags":[467,466],"class_list":["post-248395","post","type-post","status-publish","format-standard","has-post-thumbnail","hentry","category-destaques-2","category-lavras","tag-automatico","tag-rascunho"],"jetpack_featured_media_url":"https:\/\/i0.wp.com\/www.lavras24horas.com.br\/portal\/wp-content\/uploads\/2019\/09\/4.jpg?fit=667%2C421&ssl=1","jetpack_sharing_enabled":true,"jetpack_likes_enabled":true,"_links":{"self":[{"href":"https:\/\/www.lavras24horas.com.br\/portal\/wp-json\/wp\/v2\/posts\/248395","targetHints":{"allow":["GET"]}}],"collection":[{"href":"https:\/\/www.lavras24horas.com.br\/portal\/wp-json\/wp\/v2\/posts"}],"about":[{"href":"https:\/\/www.lavras24horas.com.br\/portal\/wp-json\/wp\/v2\/types\/post"}],"author":[{"embeddable":true,"href":"https:\/\/www.lavras24horas.com.br\/portal\/wp-json\/wp\/v2\/users\/7"}],"replies":[{"embeddable":true,"href":"https:\/\/www.lavras24horas.com.br\/portal\/wp-json\/wp\/v2\/comments?post=248395"}],"version-history":[{"count":1,"href":"https:\/\/www.lavras24horas.com.br\/portal\/wp-json\/wp\/v2\/posts\/248395\/revisions"}],"predecessor-version":[{"id":248397,"href":"https:\/\/www.lavras24horas.com.br\/portal\/wp-json\/wp\/v2\/posts\/248395\/revisions\/248397"}],"wp:featuredmedia":[{"embeddable":true,"href":"https:\/\/www.lavras24horas.com.br\/portal\/wp-json\/wp\/v2\/media\/248396"}],"wp:attachment":[{"href":"https:\/\/www.lavras24horas.com.br\/portal\/wp-json\/wp\/v2\/media?parent=248395"}],"wp:term":[{"taxonomy":"category","embeddable":true,"href":"https:\/\/www.lavras24horas.com.br\/portal\/wp-json\/wp\/v2\/categories?post=248395"},{"taxonomy":"post_tag","embeddable":true,"href":"https:\/\/www.lavras24horas.com.br\/portal\/wp-json\/wp\/v2\/tags?post=248395"}],"curies":[{"name":"wp","href":"https:\/\/api.w.org\/{rel}","templated":true}]}}