{"id":248389,"date":"2019-09-09T08:33:22","date_gmt":"2019-09-09T11:33:22","guid":{"rendered":"https:\/\/www.lavras24horas.com.br\/portal\/?p=248389"},"modified":"2019-09-09T08:33:22","modified_gmt":"2019-09-09T11:33:22","slug":"segunda-feira-09-09-2019","status":"publish","type":"post","link":"https:\/\/www.lavras24horas.com.br\/portal\/segunda-feira-09-09-2019\/","title":{"rendered":"Segunda-Feira (09\/09\/2019)"},"content":{"rendered":"<p><strong><em>Nome: DEUSDETE HELENI SOARES\u00a0<\/em><\/strong><\/p>\n<p><em>Velado<\/em><em>\u00a0na capela 03 do Vel\u00f3rio S\u00e3o Jo\u00e3o Batista <\/em><\/p>\n<p><em>Sepultamento dia 09\/09\/2019 \u00e0s 9h<\/em><\/p>\n<p><em>Cemit\u00e9rio Paroquial Saudade\u00a0<\/em><\/p>\n<p><em>Fonte: Administra\u00e7\u00e3o dos Cemit\u00e9rios<\/em><\/p>\n","protected":false},"excerpt":{"rendered":"<p>Nome: DEUSDETE HELENI SOARES\u00a0 Velado\u00a0na capela 03 do Vel\u00f3rio S\u00e3o Jo\u00e3o Batista Sepultamento dia 09\/09\/2019 \u00e0s 9h Cemit\u00e9rio Paroquial Saudade\u00a0 Fonte: Administra\u00e7\u00e3o dos Cemit\u00e9rios<\/p>\n","protected":false},"author":7,"featured_media":0,"comment_status":"closed","ping_status":"closed","sticky":false,"template":"","format":"standard","meta":{"advanced_seo_description":"","jetpack_seo_html_title":"","jetpack_seo_noindex":false,"_jetpack_memberships_contains_paid_content":false,"footnotes":""},"categories":[1495],"tags":[467,466],"class_list":["post-248389","post","type-post","status-publish","format-standard","hentry","category-obituario-2","tag-automatico","tag-rascunho"],"jetpack_featured_media_url":"","jetpack_sharing_enabled":true,"jetpack_likes_enabled":true,"_links":{"self":[{"href":"https:\/\/www.lavras24horas.com.br\/portal\/wp-json\/wp\/v2\/posts\/248389","targetHints":{"allow":["GET"]}}],"collection":[{"href":"https:\/\/www.lavras24horas.com.br\/portal\/wp-json\/wp\/v2\/posts"}],"about":[{"href":"https:\/\/www.lavras24horas.com.br\/portal\/wp-json\/wp\/v2\/types\/post"}],"author":[{"embeddable":true,"href":"https:\/\/www.lavras24horas.com.br\/portal\/wp-json\/wp\/v2\/users\/7"}],"replies":[{"embeddable":true,"href":"https:\/\/www.lavras24horas.com.br\/portal\/wp-json\/wp\/v2\/comments?post=248389"}],"version-history":[{"count":1,"href":"https:\/\/www.lavras24horas.com.br\/portal\/wp-json\/wp\/v2\/posts\/248389\/revisions"}],"predecessor-version":[{"id":248390,"href":"https:\/\/www.lavras24horas.com.br\/portal\/wp-json\/wp\/v2\/posts\/248389\/revisions\/248390"}],"wp:attachment":[{"href":"https:\/\/www.lavras24horas.com.br\/portal\/wp-json\/wp\/v2\/media?parent=248389"}],"wp:term":[{"taxonomy":"category","embeddable":true,"href":"https:\/\/www.lavras24horas.com.br\/portal\/wp-json\/wp\/v2\/categories?post=248389"},{"taxonomy":"post_tag","embeddable":true,"href":"https:\/\/www.lavras24horas.com.br\/portal\/wp-json\/wp\/v2\/tags?post=248389"}],"curies":[{"name":"wp","href":"https:\/\/api.w.org\/{rel}","templated":true}]}}