{"id":248386,"date":"2019-09-09T07:00:20","date_gmt":"2019-09-09T10:00:20","guid":{"rendered":"https:\/\/www.lavras24horas.com.br\/portal\/?p=248386"},"modified":"2019-09-08T12:40:28","modified_gmt":"2019-09-08T15:40:28","slug":"policia-civil-de-lavras-ganhou-nova-viatura","status":"publish","type":"post","link":"https:\/\/www.lavras24horas.com.br\/portal\/policia-civil-de-lavras-ganhou-nova-viatura\/","title":{"rendered":"Pol\u00edcia Civil de Lavras ganhou nova viatura"},"content":{"rendered":"<p>&nbsp;<\/p>\n<p>&nbsp;<\/p>\n<p style=\"text-align: justify;\">O governador Romeu Zema entregou nesta sexta-feira, dia 6, na Cidade Administrativa, em Belo Horizonte, 207 viaturas para a Pol\u00edcia Civil de Minas Gerais. Os ve\u00edculos ser\u00e3o distribu\u00eddos para unidades da PCMG em todo o estado e foram adquiridos a partir da indica\u00e7\u00e3o de emendas parlamentares de deputados estaduais e federais da bancada mineira.<\/p>\n<p style=\"text-align: justify;\">Os 207 ve\u00edculos s\u00e3o de diferentes modelos. A maioria \u00e9 fruto de emendas parlamentares federais, alguns foram adquiridos por meio de conv\u00eanios com a Secretaria Nacional de Seguran\u00e7a P\u00fablica (Senasp) e outros por meio de emendas parlamentares estaduais. Eles ser\u00e3o usados em trabalhos de investiga\u00e7\u00e3o, que \u00e9 a ess\u00eancia da institui\u00e7\u00e3o, contribuindo ainda mais para a redu\u00e7\u00e3o dos \u00edndices de criminalidade violenta.<\/p>\n<p style=\"text-align: justify;\">Ao todo, foram entregues 111 Aircross para 105 munic\u00edpios mineiros, 71 caminhonetes Toro para 58 cidades e dez \u00f3rg\u00e3os espec\u00edficos da institui\u00e7\u00e3o, al\u00e9m de 3 Toyota Etios para duas cidades e 1 Palio Weekend. Lavras foi uma das cidades contempladas. A partir de um termo de doa\u00e7\u00e3o da Senasp para a Policia Civil de Minas, tamb\u00e9m ser\u00e3o entregues 16 Ford Ranger a dez munic\u00edpios. J\u00e1 os deputados estaduais destinaram emendas parlamentares para a compra de 5 Aircross que ser\u00e3o levados para cinco cidades.<\/p>\n<p>&nbsp;<\/p>\n","protected":false},"excerpt":{"rendered":"<p>&nbsp; &nbsp; O governador Romeu Zema entregou nesta sexta-feira, dia 6, na Cidade Administrativa, em Belo Horizonte, 207 viaturas para a Pol\u00edcia Civil de Minas Gerais. Os ve\u00edculos ser\u00e3o distribu\u00eddos para unidades da PCMG em todo o estado e foram adquiridos a partir da indica\u00e7\u00e3o de emendas parlamentares de deputados estaduais e federais da bancada [&hellip;]<\/p>\n","protected":false},"author":7,"featured_media":248387,"comment_status":"closed","ping_status":"closed","sticky":false,"template":"","format":"standard","meta":{"advanced_seo_description":"","jetpack_seo_html_title":"","jetpack_seo_noindex":false,"_jetpack_memberships_contains_paid_content":false,"footnotes":""},"categories":[14,4],"tags":[467,466],"class_list":["post-248386","post","type-post","status-publish","format-standard","has-post-thumbnail","hentry","category-destaques-2","category-lavras","tag-automatico","tag-rascunho"],"jetpack_featured_media_url":"https:\/\/i0.wp.com\/www.lavras24horas.com.br\/portal\/wp-content\/uploads\/2019\/09\/3.jpg?fit=500%2C281&ssl=1","jetpack_sharing_enabled":true,"jetpack_likes_enabled":true,"jetpack_shortlink":"https:\/\/wp.me\/p12djN-12Ce","_links":{"self":[{"href":"https:\/\/www.lavras24horas.com.br\/portal\/wp-json\/wp\/v2\/posts\/248386","targetHints":{"allow":["GET"]}}],"collection":[{"href":"https:\/\/www.lavras24horas.com.br\/portal\/wp-json\/wp\/v2\/posts"}],"about":[{"href":"https:\/\/www.lavras24horas.com.br\/portal\/wp-json\/wp\/v2\/types\/post"}],"author":[{"embeddable":true,"href":"https:\/\/www.lavras24horas.com.br\/portal\/wp-json\/wp\/v2\/users\/7"}],"replies":[{"embeddable":true,"href":"https:\/\/www.lavras24horas.com.br\/portal\/wp-json\/wp\/v2\/comments?post=248386"}],"version-history":[{"count":1,"href":"https:\/\/www.lavras24horas.com.br\/portal\/wp-json\/wp\/v2\/posts\/248386\/revisions"}],"predecessor-version":[{"id":248388,"href":"https:\/\/www.lavras24horas.com.br\/portal\/wp-json\/wp\/v2\/posts\/248386\/revisions\/248388"}],"wp:featuredmedia":[{"embeddable":true,"href":"https:\/\/www.lavras24horas.com.br\/portal\/wp-json\/wp\/v2\/media\/248387"}],"wp:attachment":[{"href":"https:\/\/www.lavras24horas.com.br\/portal\/wp-json\/wp\/v2\/media?parent=248386"}],"wp:term":[{"taxonomy":"category","embeddable":true,"href":"https:\/\/www.lavras24horas.com.br\/portal\/wp-json\/wp\/v2\/categories?post=248386"},{"taxonomy":"post_tag","embeddable":true,"href":"https:\/\/www.lavras24horas.com.br\/portal\/wp-json\/wp\/v2\/tags?post=248386"}],"curies":[{"name":"wp","href":"https:\/\/api.w.org\/{rel}","templated":true}]}}