{"id":248374,"date":"2019-09-08T12:12:23","date_gmt":"2019-09-08T15:12:23","guid":{"rendered":"https:\/\/www.lavras24horas.com.br\/portal\/?p=248374"},"modified":"2019-09-08T12:12:23","modified_gmt":"2019-09-08T15:12:23","slug":"job-day-alcanca-centenas-de-pessoas-em-santa-rita","status":"publish","type":"post","link":"https:\/\/www.lavras24horas.com.br\/portal\/job-day-alcanca-centenas-de-pessoas-em-santa-rita\/","title":{"rendered":"Job Day alcan\u00e7a centenas de pessoas em Santa Rita"},"content":{"rendered":"<p>&nbsp;<\/p>\n<p>&nbsp;<\/p>\n<p style=\"text-align: justify;\">8 palestras, 13 espa\u00e7os para empresas e, em menos de uma semana ap\u00f3s divulga\u00e7\u00e3o, mais de 700 inscri\u00e7\u00f5es, s\u00e3o os marcos do <em>Job Day<\/em> na sua primeira edi\u00e7\u00e3o. O evento, realizado pela FAI, teve como objetivo promover maior intera\u00e7\u00e3o entre as empresas e as pessoas que buscam um emprego, para que os RHs pudessem apresent\u00e1-las as compet\u00eancias necess\u00e1rias para inserir no mercado de trabalho.<\/p>\n<p style=\"text-align: justify;\">15 empresas estiveram presentes apresentando seus valores, sua cultura, recolhendo curr\u00edculos e expondo sobre o perfil que buscam nos profissionais. A Secret\u00e1ria Geral da FAI, Maraiza Rodrigues, conta que o <em>Job Day<\/em> foi planejado para atingir tanto o p\u00fablico inexperiente quanto em busca de recoloca\u00e7\u00e3o profissional, sendo que este, de acordo com dados do IBGE, alcan\u00e7ou em maio o marco de 12,3% da popula\u00e7\u00e3o.<\/p>\n<p style=\"text-align: justify;\">A supervisora de RH da DL, Amanda Carvalho, afirma ter sido uma troca muito rica que beneficiou ambas as partes: \u201co convite foi recebido com muita alegria, prest\u00edgio e empolga\u00e7\u00e3o para participar de algo t\u00e3o novo em nossa cidade e ao mesmo tempo agregador para a popula\u00e7\u00e3o e para as empresas em geral\u201d. Para a supervisora, o p\u00fablico se beneficiou tendo contato direto com as empresas e podendo entregar seus curr\u00edculos, o que o auxilia nas suas chances de convoca\u00e7\u00e3o em entrevistas.<\/p>\n","protected":false},"excerpt":{"rendered":"<p>&nbsp; &nbsp; 8 palestras, 13 espa\u00e7os para empresas e, em menos de uma semana ap\u00f3s divulga\u00e7\u00e3o, mais de 700 inscri\u00e7\u00f5es, s\u00e3o os marcos do Job Day na sua primeira edi\u00e7\u00e3o. O evento, realizado pela FAI, teve como objetivo promover maior intera\u00e7\u00e3o entre as empresas e as pessoas que buscam um emprego, para que os RHs [&hellip;]<\/p>\n","protected":false},"author":7,"featured_media":248375,"comment_status":"closed","ping_status":"closed","sticky":false,"template":"","format":"standard","meta":{"advanced_seo_description":"","jetpack_seo_html_title":"","jetpack_seo_noindex":false,"_jetpack_memberships_contains_paid_content":false,"footnotes":""},"categories":[13,4],"tags":[467,466],"class_list":["post-248374","post","type-post","status-publish","format-standard","has-post-thumbnail","hentry","category-laterais-1","category-lavras","tag-automatico","tag-rascunho"],"jetpack_featured_media_url":"https:\/\/i0.wp.com\/www.lavras24horas.com.br\/portal\/wp-content\/uploads\/2019\/09\/IMG_20190831_120650.jpg?fit=500%2C375&ssl=1","jetpack_sharing_enabled":true,"jetpack_likes_enabled":true,"_links":{"self":[{"href":"https:\/\/www.lavras24horas.com.br\/portal\/wp-json\/wp\/v2\/posts\/248374","targetHints":{"allow":["GET"]}}],"collection":[{"href":"https:\/\/www.lavras24horas.com.br\/portal\/wp-json\/wp\/v2\/posts"}],"about":[{"href":"https:\/\/www.lavras24horas.com.br\/portal\/wp-json\/wp\/v2\/types\/post"}],"author":[{"embeddable":true,"href":"https:\/\/www.lavras24horas.com.br\/portal\/wp-json\/wp\/v2\/users\/7"}],"replies":[{"embeddable":true,"href":"https:\/\/www.lavras24horas.com.br\/portal\/wp-json\/wp\/v2\/comments?post=248374"}],"version-history":[{"count":1,"href":"https:\/\/www.lavras24horas.com.br\/portal\/wp-json\/wp\/v2\/posts\/248374\/revisions"}],"predecessor-version":[{"id":248376,"href":"https:\/\/www.lavras24horas.com.br\/portal\/wp-json\/wp\/v2\/posts\/248374\/revisions\/248376"}],"wp:featuredmedia":[{"embeddable":true,"href":"https:\/\/www.lavras24horas.com.br\/portal\/wp-json\/wp\/v2\/media\/248375"}],"wp:attachment":[{"href":"https:\/\/www.lavras24horas.com.br\/portal\/wp-json\/wp\/v2\/media?parent=248374"}],"wp:term":[{"taxonomy":"category","embeddable":true,"href":"https:\/\/www.lavras24horas.com.br\/portal\/wp-json\/wp\/v2\/categories?post=248374"},{"taxonomy":"post_tag","embeddable":true,"href":"https:\/\/www.lavras24horas.com.br\/portal\/wp-json\/wp\/v2\/tags?post=248374"}],"curies":[{"name":"wp","href":"https:\/\/api.w.org\/{rel}","templated":true}]}}