{"id":248363,"date":"2019-09-08T08:00:04","date_gmt":"2019-09-08T11:00:04","guid":{"rendered":"https:\/\/www.lavras24horas.com.br\/portal\/?p=248363"},"modified":"2019-09-08T11:03:38","modified_gmt":"2019-09-08T14:03:38","slug":"domingo-08-09-2019","status":"publish","type":"post","link":"https:\/\/www.lavras24horas.com.br\/portal\/domingo-08-09-2019\/","title":{"rendered":"Domingo (08\/09\/2019)"},"content":{"rendered":"<p><strong><em>Nome: ALTAIR BOTELHO<\/em><\/strong><\/p>\n<p><em>Velada na capela 03 do Vel\u00f3rio S\u00e3o Jo\u00e3o Batista <\/em><\/p>\n<p><em>Sepultamento dia 08\/09\/2019 \u00e0s 13h30<\/em><\/p>\n<p><em>Cemit\u00e9rio Paroquial S\u00e3o Miguel<\/em><\/p>\n<p><em>Fonte: Administra\u00e7\u00e3o dos Cemit\u00e9rios<\/em><\/p>\n<p><strong><em>Nome: ROSIMONICA SILVA ALVARENGA SALLES<\/em><\/strong><\/p>\n<p><em>Velada na capela 01 do Vel\u00f3rio S\u00e3o Jo\u00e3o Batista <\/em><\/p>\n<p><em>Sepultamento dia 08\/09\/2019 \u00e0s 16h30<\/em><\/p>\n<p><em>Cemit\u00e9rio Paroquial S\u00e3o Miguel<\/em><\/p>\n<p><em>Fonte: Administra\u00e7\u00e3o dos Cemit\u00e9rios<\/em><\/p>\n<p><strong><em>Nome: SEBASTIANA IGNEZ DE OLIVEIRA<\/em><\/strong><\/p>\n<p><em>Velada no Vel\u00f3rio Sagrada Fam\u00edlia<\/em><\/p>\n<p><em>Sepultamento dia 08\/09\/2019 \u00e0s 15h30<\/em><\/p>\n<p><em>Cemit\u00e9rio Paroquial Saudade<\/em><\/p>\n<p><em>Fonte: Administra\u00e7\u00e3o dos Cemit\u00e9rios<\/em><\/p>\n<p><strong><em>Nome: MARIA APARECIDA DE ASSIS SOLAR<\/em><\/strong><\/p>\n<p><em>Velada no Vel\u00f3rio Sagrada Fam\u00edlia<\/em><\/p>\n<p><em>Sepultamento dia 08\/09\/2019 \u00e0s 14h<\/em><\/p>\n<p><em>Cemit\u00e9rio Paroquial Saudade<\/em><\/p>\n<p><em>Fonte: Administra\u00e7\u00e3o dos Cemit\u00e9rios<\/em><\/p>\n","protected":false},"excerpt":{"rendered":"<p>Nome: ALTAIR BOTELHO Velada na capela 03 do Vel\u00f3rio S\u00e3o Jo\u00e3o Batista Sepultamento dia 08\/09\/2019 \u00e0s 13h30 Cemit\u00e9rio Paroquial S\u00e3o Miguel Fonte: Administra\u00e7\u00e3o dos Cemit\u00e9rios Nome: ROSIMONICA SILVA ALVARENGA SALLES Velada na capela 01 do Vel\u00f3rio S\u00e3o Jo\u00e3o Batista Sepultamento dia 08\/09\/2019 \u00e0s 16h30 Cemit\u00e9rio Paroquial S\u00e3o Miguel Fonte: Administra\u00e7\u00e3o dos Cemit\u00e9rios Nome: SEBASTIANA IGNEZ [&hellip;]<\/p>\n","protected":false},"author":7,"featured_media":0,"comment_status":"closed","ping_status":"closed","sticky":false,"template":"","format":"standard","meta":{"advanced_seo_description":"","jetpack_seo_html_title":"","jetpack_seo_noindex":false,"_jetpack_memberships_contains_paid_content":false,"footnotes":""},"categories":[1495],"tags":[467,466],"class_list":["post-248363","post","type-post","status-publish","format-standard","hentry","category-obituario-2","tag-automatico","tag-rascunho"],"jetpack_featured_media_url":"","jetpack_sharing_enabled":true,"jetpack_likes_enabled":true,"jetpack_shortlink":"https:\/\/wp.me\/p12djN-12BR","_links":{"self":[{"href":"https:\/\/www.lavras24horas.com.br\/portal\/wp-json\/wp\/v2\/posts\/248363","targetHints":{"allow":["GET"]}}],"collection":[{"href":"https:\/\/www.lavras24horas.com.br\/portal\/wp-json\/wp\/v2\/posts"}],"about":[{"href":"https:\/\/www.lavras24horas.com.br\/portal\/wp-json\/wp\/v2\/types\/post"}],"author":[{"embeddable":true,"href":"https:\/\/www.lavras24horas.com.br\/portal\/wp-json\/wp\/v2\/users\/7"}],"replies":[{"embeddable":true,"href":"https:\/\/www.lavras24horas.com.br\/portal\/wp-json\/wp\/v2\/comments?post=248363"}],"version-history":[{"count":4,"href":"https:\/\/www.lavras24horas.com.br\/portal\/wp-json\/wp\/v2\/posts\/248363\/revisions"}],"predecessor-version":[{"id":248367,"href":"https:\/\/www.lavras24horas.com.br\/portal\/wp-json\/wp\/v2\/posts\/248363\/revisions\/248367"}],"wp:attachment":[{"href":"https:\/\/www.lavras24horas.com.br\/portal\/wp-json\/wp\/v2\/media?parent=248363"}],"wp:term":[{"taxonomy":"category","embeddable":true,"href":"https:\/\/www.lavras24horas.com.br\/portal\/wp-json\/wp\/v2\/categories?post=248363"},{"taxonomy":"post_tag","embeddable":true,"href":"https:\/\/www.lavras24horas.com.br\/portal\/wp-json\/wp\/v2\/tags?post=248363"}],"curies":[{"name":"wp","href":"https:\/\/api.w.org\/{rel}","templated":true}]}}