{"id":248342,"date":"2019-09-06T15:18:51","date_gmt":"2019-09-06T18:18:51","guid":{"rendered":"https:\/\/www.lavras24horas.com.br\/portal\/?p=248342"},"modified":"2019-09-06T15:18:51","modified_gmt":"2019-09-06T18:18:51","slug":"ufla-recebe-aprovacao-para-construcao-de-usina-de-beneficiamento-do-leite-e-queijaria","status":"publish","type":"post","link":"https:\/\/www.lavras24horas.com.br\/portal\/ufla-recebe-aprovacao-para-construcao-de-usina-de-beneficiamento-do-leite-e-queijaria\/","title":{"rendered":"UFLA recebe aprova\u00e7\u00e3o para constru\u00e7\u00e3o de usina de beneficiamento do leite e queijaria"},"content":{"rendered":"<p>&nbsp;<\/p>\n<p>&nbsp;<\/p>\n<p style=\"text-align: justify;\">A Universidade Federal de Lavras (UFLA) recebeu na tarde de quinta-feira (6\/9) um parecer favor\u00e1vel do Instituto Mineiro de Agropecu\u00e1ria (IMA) para a constru\u00e7\u00e3o de uma usina de beneficiamento do leite e queijaria no Centro de Desenvolvimento e Transfer\u00eancia de Tecnologias da UFLA &#8211; Fazenda Palmital, em Ijaci-MG.<\/p>\n<p style=\"text-align: justify;\">O diretor-geral do IMA, Thales Fernandes, realizou a entrega do documento ao reitor da UFLA, professor Jos\u00e9 Roberto Scolforo, durante a abertura da 10\u00aa edi\u00e7\u00e3o do Agrileite. \u201cA possibilidade de constru\u00e7\u00e3o dessa usina \u00e9 um grande passo para a UFLA e para Minas Gerais, uma vez que somos o maior estado produtor de leite do Brasil. Estamos tamb\u00e9m trabalhando em um acordo de coopera\u00e7\u00e3o t\u00e9cnica para implantarmos em Lavras um Centro de Intelig\u00eancia da Defesa Agropecu\u00e1ria em Minas Gerais, um grande avan\u00e7o para otimizar a fiscaliza\u00e7\u00e3o dentro do Estado e para o compartilhamento de conhecimentos entre as institui\u00e7\u00f5es\u201d, explicou.<\/p>\n<p style=\"text-align: justify;\">O reitor Jos\u00e9 Roberto Scolforo agradeceu ao IMA e refor\u00e7ou a import\u00e2ncia do projeto. \u201cJ\u00e1 temos um rebanho qualificado, produzimos leite de qualidade e estamos pr\u00f3ximos de concluir um confinamento para gado leiteiro em free-stall que ser\u00e1 robotizado. Com a viabiliza\u00e7\u00e3o da constru\u00e7\u00e3o da usina, teremos espa\u00e7os-modelo para guias de campo e laborat\u00f3rios reais para nossos estudantes, al\u00e9m de aproveitar o leite para produ\u00e7\u00e3o de queijos artesanais.\u201d<\/p>\n<p style=\"text-align: justify;\">Scolforo ressaltou, ainda, a import\u00e2ncia do projeto para extens\u00e3o. \u201cVamos mostrar que \u00e9 poss\u00edvel trabalhar com tecnologia de qualidade na cadeia produtiva do leite. Temos o desejo de produzir um queijo artesanal e outros produtos que possam chegar com qualidade \u00e0 comunidade lavrense e da regi\u00e3o.\u201d<\/p>\n<p style=\"text-align: justify;\">Agrileite completa 10 anos de integra\u00e7\u00e3o entre produtores e pesquisadores<\/p>\n<p style=\"text-align: justify;\">Organizado por meio de uma parceria entre UFLA, Empresa de Pesquisa Agropecu\u00e1ria de Minas Gerais (Epamig) e Empresa de Assist\u00eancia T\u00e9cnica e Extens\u00e3o Rural (Emater), a 10\u00aa edi\u00e7\u00e3o do Agrileite promoveu din\u00e2micas na fazenda Palmital, envolvendo produtores da regi\u00e3o, estudantes e extensionistas. Entre os assuntos da \u00e1rea, foram abordadas as instala\u00e7\u00f5es para gado leiteiro (free stall e compost barn), qualidade do leite, gest\u00e3o de fazendas e o t\u00e9rmino da vacina\u00e7\u00e3o obrigat\u00f3ria contra aftosa em Minas Gerais.<\/p>\n<p style=\"text-align: justify;\">Na oportunidade de abertura, o professor do Departamento de Biologia da UFLA (DBI) Magno Ant\u00f4nio Patto Ramalho, um dos idealizadores do evento, recebeu uma homenagem por seus anos dedicados ao projeto. \u201c Quando me convidaram atuar na extens\u00e3o da UFLA, foi uma surpresa. Trabalhando na extens\u00e3o aprendi muitas coisas, e principalmente o fato de que sem extens\u00e3o a universidade n\u00e3o existe. Percebemos que o leite tem essa grande necessidade de desenvolvimento de tecnologia, e foi da\u00ed que nasceu o Agrileite, para que existisse essa troca entre professores e produtores de leite da regi\u00e3o\u201d, disse.<\/p>\n<p style=\"text-align: justify;\">Assunto(s): agrileite , queijo , leite , gado , usina de beneficiamento<\/p>\n","protected":false},"excerpt":{"rendered":"<p>&nbsp; &nbsp; A Universidade Federal de Lavras (UFLA) recebeu na tarde de quinta-feira (6\/9) um parecer favor\u00e1vel do Instituto Mineiro de Agropecu\u00e1ria (IMA) para a constru\u00e7\u00e3o de uma usina de beneficiamento do leite e queijaria no Centro de Desenvolvimento e Transfer\u00eancia de Tecnologias da UFLA &#8211; Fazenda Palmital, em Ijaci-MG. O diretor-geral do IMA, Thales [&hellip;]<\/p>\n","protected":false},"author":7,"featured_media":248343,"comment_status":"closed","ping_status":"closed","sticky":false,"template":"","format":"standard","meta":{"advanced_seo_description":"","jetpack_seo_html_title":"","jetpack_seo_noindex":false,"_jetpack_memberships_contains_paid_content":false,"footnotes":""},"categories":[13077,4],"tags":[467,466],"class_list":["post-248342","post","type-post","status-publish","format-standard","has-post-thumbnail","hentry","category-laterais-2","category-lavras","tag-automatico","tag-rascunho"],"jetpack_featured_media_url":"https:\/\/i0.wp.com\/www.lavras24horas.com.br\/portal\/wp-content\/uploads\/2019\/09\/IMG_3402.jpg?fit=600%2C400&ssl=1","jetpack_sharing_enabled":true,"jetpack_likes_enabled":true,"_links":{"self":[{"href":"https:\/\/www.lavras24horas.com.br\/portal\/wp-json\/wp\/v2\/posts\/248342","targetHints":{"allow":["GET"]}}],"collection":[{"href":"https:\/\/www.lavras24horas.com.br\/portal\/wp-json\/wp\/v2\/posts"}],"about":[{"href":"https:\/\/www.lavras24horas.com.br\/portal\/wp-json\/wp\/v2\/types\/post"}],"author":[{"embeddable":true,"href":"https:\/\/www.lavras24horas.com.br\/portal\/wp-json\/wp\/v2\/users\/7"}],"replies":[{"embeddable":true,"href":"https:\/\/www.lavras24horas.com.br\/portal\/wp-json\/wp\/v2\/comments?post=248342"}],"version-history":[{"count":1,"href":"https:\/\/www.lavras24horas.com.br\/portal\/wp-json\/wp\/v2\/posts\/248342\/revisions"}],"predecessor-version":[{"id":248344,"href":"https:\/\/www.lavras24horas.com.br\/portal\/wp-json\/wp\/v2\/posts\/248342\/revisions\/248344"}],"wp:featuredmedia":[{"embeddable":true,"href":"https:\/\/www.lavras24horas.com.br\/portal\/wp-json\/wp\/v2\/media\/248343"}],"wp:attachment":[{"href":"https:\/\/www.lavras24horas.com.br\/portal\/wp-json\/wp\/v2\/media?parent=248342"}],"wp:term":[{"taxonomy":"category","embeddable":true,"href":"https:\/\/www.lavras24horas.com.br\/portal\/wp-json\/wp\/v2\/categories?post=248342"},{"taxonomy":"post_tag","embeddable":true,"href":"https:\/\/www.lavras24horas.com.br\/portal\/wp-json\/wp\/v2\/tags?post=248342"}],"curies":[{"name":"wp","href":"https:\/\/api.w.org\/{rel}","templated":true}]}}