{"id":248339,"date":"2019-09-06T13:41:14","date_gmt":"2019-09-06T16:41:14","guid":{"rendered":"https:\/\/www.lavras24horas.com.br\/portal\/?p=248339"},"modified":"2019-09-06T13:41:14","modified_gmt":"2019-09-06T16:41:14","slug":"professor-de-27-anos-morre-em-acidente-de-moto-na-br-369","status":"publish","type":"post","link":"https:\/\/www.lavras24horas.com.br\/portal\/professor-de-27-anos-morre-em-acidente-de-moto-na-br-369\/","title":{"rendered":"Professor de 27 anos morre em acidente de moto na BR-369"},"content":{"rendered":"<div class=\"mc-column content-text active-extra-styles active-capital-letter\" data-block-type=\"unstyled\" data-block-weight=\"25\" data-block-id=\"1\">\n<p data-track-category=\"Link no Texto\" data-track-links=\"\">\n<p data-track-category=\"Link no Texto\" data-track-links=\"\">\n<p class=\"content-text__container theme-color-primary-first-letter\" data-track-category=\"Link no Texto\" data-track-links=\"\">Um professor de 27 anos, morador de Cristais (MG), morreu na noite desta quinta-feira (5) ap\u00f3s um acidente na BR-369, em Campo Belo (MG).<\/p>\n<\/div>\n<div class=\"wall protected-content\">\n<div class=\"mc-column content-text active-extra-styles \" data-block-type=\"unstyled\" data-block-weight=\"38\" data-block-id=\"2\">\n<p class=\"content-text__container \" data-track-category=\"Link no Texto\" data-track-links=\"\">Segundo informa\u00e7\u00f5es da Pol\u00edcia Rodovi\u00e1ria Estadual, o acidente envolveu um carro e uma motocicleta. O carro seguia no sentido a Cristais e teria parado no acostamento para fazer o cruzamento e entrar no trevo de Campo Belo.<\/p>\n<\/div>\n<div class=\"mc-column content-text active-extra-styles \" data-block-type=\"unstyled\" data-block-weight=\"32\" data-block-id=\"3\">\n<p class=\"content-text__container \" data-track-category=\"Link no Texto\" data-track-links=\"\">Ainda conforme a pol\u00edcia, a motocicleta seguia no mesmo sentido e acabou batendo na lateral do carro. Com o impacto, o motociclista foi jogado na pista e morreu ainda no local.<\/p>\n<\/div>\n<div class=\"mc-column content-text active-extra-styles \" data-block-type=\"unstyled\" data-block-weight=\"36\" data-block-id=\"4\">\n<p class=\"content-text__container \" data-track-category=\"Link no Texto\" data-track-links=\"\">O piloto da moto era professor em uma escola estadual em Cristais (MG). No carro estavam duas pessoas que foram socorridas por terceiros para o pronto-socorro. Elas tiveram ferimentos leves, mas ficaram em observa\u00e7\u00e3o no hospital.<\/p>\n<\/div>\n<div class=\"mc-column content-text active-extra-styles \" data-block-type=\"unstyled\" data-block-weight=\"24\" data-block-id=\"5\">\n<p class=\"content-text__container \" data-track-category=\"Link no Texto\" data-track-links=\"\">O corpo de Alex J\u00fanior Ferreira ser\u00e1 sepultado no Cemit\u00e9rio de Cristais \u00e0s 18h desta sexta-feira (6). Ele era casado e deixa um filho.<\/p>\n<\/div>\n<p data-track-category=\"Link no Texto\" data-track-links=\"\">Fonte: G1<\/p>\n<\/div>\n","protected":false},"excerpt":{"rendered":"<p>Um professor de 27 anos, morador de Cristais (MG), morreu na noite desta quinta-feira (5) ap\u00f3s um acidente na BR-369, em Campo Belo (MG). Segundo informa\u00e7\u00f5es da Pol\u00edcia Rodovi\u00e1ria Estadual, o acidente envolveu um carro e uma motocicleta. O carro seguia no sentido a Cristais e teria parado no acostamento para fazer o cruzamento e [&hellip;]<\/p>\n","protected":false},"author":7,"featured_media":248340,"comment_status":"closed","ping_status":"closed","sticky":false,"template":"","format":"standard","meta":{"advanced_seo_description":"","jetpack_seo_html_title":"","jetpack_seo_noindex":false,"_jetpack_memberships_contains_paid_content":false,"footnotes":""},"categories":[14,79],"tags":[467,466],"class_list":["post-248339","post","type-post","status-publish","format-standard","has-post-thumbnail","hentry","category-destaques-2","category-regiao","tag-automatico","tag-rascunho"],"jetpack_featured_media_url":"https:\/\/i0.wp.com\/www.lavras24horas.com.br\/portal\/wp-content\/uploads\/2019\/09\/BR-369.jpg?fit=600%2C400&ssl=1","jetpack_sharing_enabled":true,"jetpack_likes_enabled":true,"jetpack_shortlink":"https:\/\/wp.me\/p12djN-12Bt","_links":{"self":[{"href":"https:\/\/www.lavras24horas.com.br\/portal\/wp-json\/wp\/v2\/posts\/248339","targetHints":{"allow":["GET"]}}],"collection":[{"href":"https:\/\/www.lavras24horas.com.br\/portal\/wp-json\/wp\/v2\/posts"}],"about":[{"href":"https:\/\/www.lavras24horas.com.br\/portal\/wp-json\/wp\/v2\/types\/post"}],"author":[{"embeddable":true,"href":"https:\/\/www.lavras24horas.com.br\/portal\/wp-json\/wp\/v2\/users\/7"}],"replies":[{"embeddable":true,"href":"https:\/\/www.lavras24horas.com.br\/portal\/wp-json\/wp\/v2\/comments?post=248339"}],"version-history":[{"count":1,"href":"https:\/\/www.lavras24horas.com.br\/portal\/wp-json\/wp\/v2\/posts\/248339\/revisions"}],"predecessor-version":[{"id":248341,"href":"https:\/\/www.lavras24horas.com.br\/portal\/wp-json\/wp\/v2\/posts\/248339\/revisions\/248341"}],"wp:featuredmedia":[{"embeddable":true,"href":"https:\/\/www.lavras24horas.com.br\/portal\/wp-json\/wp\/v2\/media\/248340"}],"wp:attachment":[{"href":"https:\/\/www.lavras24horas.com.br\/portal\/wp-json\/wp\/v2\/media?parent=248339"}],"wp:term":[{"taxonomy":"category","embeddable":true,"href":"https:\/\/www.lavras24horas.com.br\/portal\/wp-json\/wp\/v2\/categories?post=248339"},{"taxonomy":"post_tag","embeddable":true,"href":"https:\/\/www.lavras24horas.com.br\/portal\/wp-json\/wp\/v2\/tags?post=248339"}],"curies":[{"name":"wp","href":"https:\/\/api.w.org\/{rel}","templated":true}]}}