{"id":248326,"date":"2019-09-06T12:27:49","date_gmt":"2019-09-06T15:27:49","guid":{"rendered":"https:\/\/www.lavras24horas.com.br\/portal\/?p=248326"},"modified":"2019-09-06T12:27:49","modified_gmt":"2019-09-06T15:27:49","slug":"desfile-de-7-de-setembro-acontece-neste-sabado-em-lavras","status":"publish","type":"post","link":"https:\/\/www.lavras24horas.com.br\/portal\/desfile-de-7-de-setembro-acontece-neste-sabado-em-lavras\/","title":{"rendered":"Desfile de 7 de Setembro acontece neste s\u00e1bado em Lavras"},"content":{"rendered":"<p>&nbsp;<\/p>\n<p>&nbsp;<\/p>\n<p style=\"font-weight: 400; text-align: justify;\">Comemorada em 7 de setembro, a Independ\u00eancia do Brasil \u00e9 um dos fatos hist\u00f3ricos mais importantes de nosso pa\u00eds, pois marca o fim do dom\u00ednio portugu\u00eas e o in\u00edcio da autonomia pol\u00edtica.<\/p>\n<p style=\"font-weight: 400; text-align: justify;\">Em todo o Brasil milhares de pessoas se re\u00fanem em avenidas para celebrar a data. Em Lavras, \u00e9 tradi\u00e7\u00e3o o Desfile C\u00edvico e Militar de Sete de Setembro, descendo pela Rua Francisco Salles at\u00e9 a Igreja do Ros\u00e1rio.<\/p>\n<p style=\"font-weight: 400; text-align: justify;\">A cerim\u00f4nia ter\u00e1 inicio \u00e0s 8 da manh\u00e3 com o hasteamento das bandeiras ao som do Hino Nacional na Pra\u00e7a Leonardo Venerando, com execu\u00e7\u00e3o da Banda da 6\u00aa Regi\u00e3o de Pol\u00edcia Militar de Minas Gerais.\u00a0Logo ap\u00f3s, ser\u00e1 realizada a revista \u00e0s tropas e o Tiro de Guerra dar\u00e1 in\u00edcio ao desfile militar, mostrando todo seu civismo e amor \u00e0 p\u00e1tria.\u00a0A centen\u00e1ria Pol\u00edcia Militar desfilar\u00e1 com viaturas, motos, barcos e todos os grupamentos. Os Bombeiros abrilhantar\u00e3o a comemora\u00e7\u00e3o com seus ve\u00edculos, que fazem sempre sucesso com as crian\u00e7as.<\/p>\n<p style=\"font-weight: 400; text-align: justify;\">Em seguida, no desfile civil teremos apresenta\u00e7\u00f5es das escolas do munic\u00edpio ao som das cl\u00e1ssicas fanfarras. Tamb\u00e9m participam diversas institui\u00e7\u00f5es da cidade. Neste ano h\u00e1 uma novidade, motos de todas as cilindradas do \u201c37\u00ba Enduro da Independ\u00eancia\u201d passar\u00e3o pelas ruas da Pra\u00e7a Dr. Augusto Silva fechando as atividades \u00e0s 12h.<\/p>\n<p style=\"font-weight: 400; text-align: justify;\">Prestigie, leve toda a fam\u00edlia para participar desta festa que \u00e9 de todos os brasileiros.<\/p>\n","protected":false},"excerpt":{"rendered":"<p>&nbsp; &nbsp; Comemorada em 7 de setembro, a Independ\u00eancia do Brasil \u00e9 um dos fatos hist\u00f3ricos mais importantes de nosso pa\u00eds, pois marca o fim do dom\u00ednio portugu\u00eas e o in\u00edcio da autonomia pol\u00edtica. Em todo o Brasil milhares de pessoas se re\u00fanem em avenidas para celebrar a data. Em Lavras, \u00e9 tradi\u00e7\u00e3o o Desfile [&hellip;]<\/p>\n","protected":false},"author":7,"featured_media":248327,"comment_status":"closed","ping_status":"closed","sticky":false,"template":"","format":"standard","meta":{"advanced_seo_description":"","jetpack_seo_html_title":"","jetpack_seo_noindex":false,"_jetpack_memberships_contains_paid_content":false,"footnotes":""},"categories":[12,4],"tags":[467,466],"class_list":["post-248326","post","type-post","status-publish","format-standard","has-post-thumbnail","hentry","category-destaques-1","category-lavras","tag-automatico","tag-rascunho"],"jetpack_featured_media_url":"https:\/\/i0.wp.com\/www.lavras24horas.com.br\/portal\/wp-content\/uploads\/2019\/09\/desfile-aniversariode-lavras-1.jpg?fit=500%2C375&ssl=1","jetpack_sharing_enabled":true,"jetpack_likes_enabled":true,"jetpack_shortlink":"https:\/\/wp.me\/p12djN-12Bg","_links":{"self":[{"href":"https:\/\/www.lavras24horas.com.br\/portal\/wp-json\/wp\/v2\/posts\/248326","targetHints":{"allow":["GET"]}}],"collection":[{"href":"https:\/\/www.lavras24horas.com.br\/portal\/wp-json\/wp\/v2\/posts"}],"about":[{"href":"https:\/\/www.lavras24horas.com.br\/portal\/wp-json\/wp\/v2\/types\/post"}],"author":[{"embeddable":true,"href":"https:\/\/www.lavras24horas.com.br\/portal\/wp-json\/wp\/v2\/users\/7"}],"replies":[{"embeddable":true,"href":"https:\/\/www.lavras24horas.com.br\/portal\/wp-json\/wp\/v2\/comments?post=248326"}],"version-history":[{"count":1,"href":"https:\/\/www.lavras24horas.com.br\/portal\/wp-json\/wp\/v2\/posts\/248326\/revisions"}],"predecessor-version":[{"id":248328,"href":"https:\/\/www.lavras24horas.com.br\/portal\/wp-json\/wp\/v2\/posts\/248326\/revisions\/248328"}],"wp:featuredmedia":[{"embeddable":true,"href":"https:\/\/www.lavras24horas.com.br\/portal\/wp-json\/wp\/v2\/media\/248327"}],"wp:attachment":[{"href":"https:\/\/www.lavras24horas.com.br\/portal\/wp-json\/wp\/v2\/media?parent=248326"}],"wp:term":[{"taxonomy":"category","embeddable":true,"href":"https:\/\/www.lavras24horas.com.br\/portal\/wp-json\/wp\/v2\/categories?post=248326"},{"taxonomy":"post_tag","embeddable":true,"href":"https:\/\/www.lavras24horas.com.br\/portal\/wp-json\/wp\/v2\/tags?post=248326"}],"curies":[{"name":"wp","href":"https:\/\/api.w.org\/{rel}","templated":true}]}}