{"id":248323,"date":"2019-09-06T12:22:32","date_gmt":"2019-09-06T15:22:32","guid":{"rendered":"https:\/\/www.lavras24horas.com.br\/portal\/?p=248323"},"modified":"2019-09-06T12:22:32","modified_gmt":"2019-09-06T15:22:32","slug":"evento-reune-entidades-representativas-da-ufla-para-debater-o-programa-future-se","status":"publish","type":"post","link":"https:\/\/www.lavras24horas.com.br\/portal\/evento-reune-entidades-representativas-da-ufla-para-debater-o-programa-future-se\/","title":{"rendered":"Evento re\u00fane entidades representativas da UFLA para debater o programa Future-se"},"content":{"rendered":"<p>&nbsp;<\/p>\n<p style=\"text-align: justify;\">A Associa\u00e7\u00e3o dos Docentes da Universidade Federal de Lavras (ADUFLA), o Sindicato dos T\u00e9cnicos Administrativos em Educa\u00e7\u00e3o das Institui\u00e7\u00f5es Federais de Ensino de Lavras (SIndUFLA), o Diret\u00f3rio Central dos Estudantes (DCE\/UFLA) e a Associa\u00e7\u00e3o dos P\u00f3s-Graduandos (APG\/UFLA) realizaram na tarde desta quinta-feira (5\/9), no Centro da Conviv\u00eancia da UFLA, um debate aberto sobre o Programa \u201cFuture-se\u201d, do MEC.<\/p>\n<p style=\"text-align: justify;\">Com o tema \u201cModelos de Financiamento do Ensino Superior e o Trabalho nas Universidades P\u00fablicas\u201d, o evento teve as participa\u00e7\u00f5es da pesquisadora associada ao Graduate Institute of International na Development Studies (Su\u00ed\u00e7a), Marina Avelar, do ex-coordenador geral da FASUBRA (2012-2018), Gibran Jord\u00e3o, e do Pr\u00f3-Reitor de Planejamento e Gest\u00e3o da UFLA, Jo\u00e3o Chrysostomo de Resende Junior.<\/p>\n<p style=\"text-align: justify;\">Por mais de tr\u00eas horas, a comunidade acad\u00eamica discutiu pontos do programa do Governo Federal para as universidades e as consequ\u00eancias para o futuro das Institui\u00e7\u00f5es Federais de Ensino caso a proposta seja implementada, al\u00e9m de analisar o conjuntura social, econ\u00f4mica e pol\u00edtica que\u00a0levaram\u00a0\u00e0 apresenta\u00e7\u00e3o da minuta pelo MEC e a necessidade urgente de uma mobiliza\u00e7\u00e3o efetiva contra a desconstru\u00e7\u00e3o da universidade p\u00fablica e a pr\u00f3pria Educa\u00e7\u00e3o no pa\u00eds.<\/p>\n<p style=\"text-align: justify;\">O evento foi aberto com as considera\u00e7\u00f5es iniciais de cada um dos palestrantes convidados e seguiu com a abertura de incri\u00e7\u00f5es para perguntas e questionamentos por parte do p\u00fablico presente, ampliando a abrang\u00eancia da discuss\u00e3o em torno da atual conjuntura e, sobretudo, sobre os reflexos da onda de cortes de or\u00e7amento na UFLA, as ame\u00e7as que pairam sobre o futuro da universidade e a falta de um posicionamento claro da dire\u00e7\u00e3o executiva em rela\u00e7\u00e3o ao Future-se.<\/p>\n<p style=\"text-align: justify;\">De acordo com\u00a0a organiza\u00e7\u00e3o do evento, esta foi apenas a primeira a\u00e7\u00e3o em torno de uma ampla discuss\u00e3o do programa do Governo Federal como forma de dar voz a todos os agentes da comunidade acad\u00eamica de forma mais transparente e democr\u00e1tica poss\u00edvel diante da import\u00e2ncia do momento hist\u00f3rico que se apresenta, inclusive com reuni\u00e3o aberta do Conselho Universit\u00e1rio, entre outras propostas.<\/p>\n","protected":false},"excerpt":{"rendered":"<p>&nbsp; A Associa\u00e7\u00e3o dos Docentes da Universidade Federal de Lavras (ADUFLA), o Sindicato dos T\u00e9cnicos Administrativos em Educa\u00e7\u00e3o das Institui\u00e7\u00f5es Federais de Ensino de Lavras (SIndUFLA), o Diret\u00f3rio Central dos Estudantes (DCE\/UFLA) e a Associa\u00e7\u00e3o dos P\u00f3s-Graduandos (APG\/UFLA) realizaram na tarde desta quinta-feira (5\/9), no Centro da Conviv\u00eancia da UFLA, um debate aberto sobre o [&hellip;]<\/p>\n","protected":false},"author":7,"featured_media":248324,"comment_status":"closed","ping_status":"closed","sticky":false,"template":"","format":"standard","meta":{"advanced_seo_description":"","jetpack_seo_html_title":"","jetpack_seo_noindex":false,"_jetpack_memberships_contains_paid_content":false,"footnotes":""},"categories":[13077,4],"tags":[467,466],"class_list":["post-248323","post","type-post","status-publish","format-standard","has-post-thumbnail","hentry","category-laterais-2","category-lavras","tag-automatico","tag-rascunho"],"jetpack_featured_media_url":"https:\/\/i0.wp.com\/www.lavras24horas.com.br\/portal\/wp-content\/uploads\/2019\/09\/DSC_0410.jpg?fit=600%2C271&ssl=1","jetpack_sharing_enabled":true,"jetpack_likes_enabled":true,"jetpack_shortlink":"https:\/\/wp.me\/p12djN-12Bd","_links":{"self":[{"href":"https:\/\/www.lavras24horas.com.br\/portal\/wp-json\/wp\/v2\/posts\/248323","targetHints":{"allow":["GET"]}}],"collection":[{"href":"https:\/\/www.lavras24horas.com.br\/portal\/wp-json\/wp\/v2\/posts"}],"about":[{"href":"https:\/\/www.lavras24horas.com.br\/portal\/wp-json\/wp\/v2\/types\/post"}],"author":[{"embeddable":true,"href":"https:\/\/www.lavras24horas.com.br\/portal\/wp-json\/wp\/v2\/users\/7"}],"replies":[{"embeddable":true,"href":"https:\/\/www.lavras24horas.com.br\/portal\/wp-json\/wp\/v2\/comments?post=248323"}],"version-history":[{"count":1,"href":"https:\/\/www.lavras24horas.com.br\/portal\/wp-json\/wp\/v2\/posts\/248323\/revisions"}],"predecessor-version":[{"id":248325,"href":"https:\/\/www.lavras24horas.com.br\/portal\/wp-json\/wp\/v2\/posts\/248323\/revisions\/248325"}],"wp:featuredmedia":[{"embeddable":true,"href":"https:\/\/www.lavras24horas.com.br\/portal\/wp-json\/wp\/v2\/media\/248324"}],"wp:attachment":[{"href":"https:\/\/www.lavras24horas.com.br\/portal\/wp-json\/wp\/v2\/media?parent=248323"}],"wp:term":[{"taxonomy":"category","embeddable":true,"href":"https:\/\/www.lavras24horas.com.br\/portal\/wp-json\/wp\/v2\/categories?post=248323"},{"taxonomy":"post_tag","embeddable":true,"href":"https:\/\/www.lavras24horas.com.br\/portal\/wp-json\/wp\/v2\/tags?post=248323"}],"curies":[{"name":"wp","href":"https:\/\/api.w.org\/{rel}","templated":true}]}}