{"id":248320,"date":"2019-09-07T07:00:04","date_gmt":"2019-09-07T10:00:04","guid":{"rendered":"https:\/\/www.lavras24horas.com.br\/portal\/?p=248320"},"modified":"2019-09-06T12:20:17","modified_gmt":"2019-09-06T15:20:17","slug":"fieis-farao-caminhada-em-agradecimento-a-padre-vitor-no-domingo-8","status":"publish","type":"post","link":"https:\/\/www.lavras24horas.com.br\/portal\/fieis-farao-caminhada-em-agradecimento-a-padre-vitor-no-domingo-8\/","title":{"rendered":"Fi\u00e9is far\u00e3o caminhada em agradecimento a Padre Vitor no domingo (8)"},"content":{"rendered":"<p>&nbsp;<\/p>\n<p>&nbsp;<\/p>\n<p style=\"text-align: justify;\">No pr\u00f3ximo domingo, dia 08, acontece a caminhada at\u00e9 a\u00a0 &#8220;\u00c1rvore de Padre Victor&#8221; em Coqueiral. Ela sa\u00edra \u00e0s 6h\u00a0 da Matriz do Divino Espirito Santo. A caminhada tem 6 km de muito f\u00e9, ora\u00e7\u00e3o, e logo ap\u00f3s ser\u00e1 celebrada a santa missa presidida pela Pe. Benedito Aluisio Azevedo (Padre Mahaya).<\/p>\n<p>Padre Francisco de Paula Victor, que nasceu em Campanha em 12 de abril de 1827 e faleceu em Tr\u00eas Pontas, no dia 23 de setembro de 1905, paroquiou naquela cidade por 53 anos. Padre Victor \u00e9 hoje um &#8220;servo de Deus&#8221;, t\u00edtulo que antecede a canoniza\u00e7\u00e3o.<\/p>\n<p style=\"text-align: justify;\">Sobre o religioso, existem muitas lendas e fatos reais, por\u00e9m, uma coisa \u00e9 certa: padre Victor foi um grande homem, um benfeitor para Tr\u00eas Pontas. Uma das hist\u00f3rias em torno de padre Victor aconteceu no povoado do Esp\u00edrito Santo dos Coqueiros, hoje cidade de\u00a0Coqueiral. Naquele lugar existe uma \u00e1rvore conhecida como a\u00e7oita cavalo (Luehea divaricata), onde, reza a lenda, que os cavaleiros viajantes paravam para descansar sob sua frondosa sombra. Um desses &#8220;caminheiros&#8221; era o padre de Tr\u00eas Pontas, que segundo dizem, numa dessas paradas, pelos idos de 1860, esculpiu no tronco da \u00e1rvore uma cruz, um dos s\u00edmbolos do Cristianismo.<\/p>\n<p style=\"text-align: justify;\">Um dos significados teol\u00f3gicos da cruz \u00e9 o relacionamento da humanidade com Deus, representado pela haste horizontal; a ponta superior da cruz representa a conjun\u00e7\u00e3o com Deus, e a ponta inferior, a que toca ao ch\u00e3o, o mundo material. Era comum religiosos marcarem seu caminho com o s\u00edmbolo da cruz.<\/p>\n<p style=\"text-align: justify;\">A \u00e1rvore a\u00e7oita cavalo, mais conhecida hoje como &#8220;\u00e1rvore do padre Victor&#8221;, ainda existe e a cruz nela esculpida ainda est\u00e1 l\u00e1. Ela se situa na zona rural de Coqueiral, a cerca de 6 km da cidade. A religiosidade dos moradores da regi\u00e3o fez com que o s\u00edmbolo se mantivesse intacto na \u00e1rvore.<\/p>\n<p style=\"text-align: justify;\">Ap\u00f3s a morte do padre come\u00e7ou a surgir a sua fama de santidade, proferida por muitos devotos que diziam recorrer a ele e receber gra\u00e7as. Um s\u00e9culo depois de sua morte, foram os descendentes dos antigos moradores daquela regi\u00e3o que levaram ao ent\u00e3o agr\u00f4nomo da EMATER de Coqueiral naquela \u00e9poca, Luis Geraldo Resende Reis, at\u00e9 a preferida do padre para descanso do calor, depois de um dia de descanso.<\/p>\n<p style=\"text-align: justify;\">Os moradores ainda relataram que Padre Vitor teria esculpido com um canivete de seu uso pessoal, uma cruz , na casca da \u00e1rvore, a qual muitos moradores ainda enxergam perfeitamente. Luiz Geraldo conta que a principio n\u00e3o levou a hist\u00f3ria muito a s\u00e9rio, mas foi at\u00e9 o local por um morador da regi\u00e3o.<\/p>\n<p style=\"text-align: justify;\">Assim que chegou, bateu os olhos nas cascas e enxergou o esbo\u00e7o de uma cruz. &#8220;Eu senti tamb\u00e9m uma energia especial, senti que aquele lugar era um lugar de paz, fiz uma ora\u00e7\u00e3o e sempre que passava por ali , parava um pouco na arvore, virou um habito&#8221;, relembra o agr\u00f4nomo. Luiz Geraldo hoje trabalha na EMATER MG em Varginha mas todo ano faz quest\u00e3o de participar da caminhada.<\/p>\n<p style=\"text-align: justify;\">\n","protected":false},"excerpt":{"rendered":"<p>&nbsp; &nbsp; No pr\u00f3ximo domingo, dia 08, acontece a caminhada at\u00e9 a\u00a0 &#8220;\u00c1rvore de Padre Victor&#8221; em Coqueiral. Ela sa\u00edra \u00e0s 6h\u00a0 da Matriz do Divino Espirito Santo. A caminhada tem 6 km de muito f\u00e9, ora\u00e7\u00e3o, e logo ap\u00f3s ser\u00e1 celebrada a santa missa presidida pela Pe. Benedito Aluisio Azevedo (Padre Mahaya). Padre Francisco [&hellip;]<\/p>\n","protected":false},"author":7,"featured_media":248321,"comment_status":"closed","ping_status":"closed","sticky":false,"template":"","format":"standard","meta":{"advanced_seo_description":"","jetpack_seo_html_title":"","jetpack_seo_noindex":false,"_jetpack_memberships_contains_paid_content":false,"footnotes":""},"categories":[13077,4],"tags":[467,466],"class_list":["post-248320","post","type-post","status-publish","format-standard","has-post-thumbnail","hentry","category-laterais-2","category-lavras","tag-automatico","tag-rascunho"],"jetpack_featured_media_url":"https:\/\/i0.wp.com\/www.lavras24horas.com.br\/portal\/wp-content\/uploads\/2019\/09\/padre-victor-tres-pontas1-1024x576.jpg?fit=500%2C281&ssl=1","jetpack_sharing_enabled":true,"jetpack_likes_enabled":true,"_links":{"self":[{"href":"https:\/\/www.lavras24horas.com.br\/portal\/wp-json\/wp\/v2\/posts\/248320","targetHints":{"allow":["GET"]}}],"collection":[{"href":"https:\/\/www.lavras24horas.com.br\/portal\/wp-json\/wp\/v2\/posts"}],"about":[{"href":"https:\/\/www.lavras24horas.com.br\/portal\/wp-json\/wp\/v2\/types\/post"}],"author":[{"embeddable":true,"href":"https:\/\/www.lavras24horas.com.br\/portal\/wp-json\/wp\/v2\/users\/7"}],"replies":[{"embeddable":true,"href":"https:\/\/www.lavras24horas.com.br\/portal\/wp-json\/wp\/v2\/comments?post=248320"}],"version-history":[{"count":1,"href":"https:\/\/www.lavras24horas.com.br\/portal\/wp-json\/wp\/v2\/posts\/248320\/revisions"}],"predecessor-version":[{"id":248322,"href":"https:\/\/www.lavras24horas.com.br\/portal\/wp-json\/wp\/v2\/posts\/248320\/revisions\/248322"}],"wp:featuredmedia":[{"embeddable":true,"href":"https:\/\/www.lavras24horas.com.br\/portal\/wp-json\/wp\/v2\/media\/248321"}],"wp:attachment":[{"href":"https:\/\/www.lavras24horas.com.br\/portal\/wp-json\/wp\/v2\/media?parent=248320"}],"wp:term":[{"taxonomy":"category","embeddable":true,"href":"https:\/\/www.lavras24horas.com.br\/portal\/wp-json\/wp\/v2\/categories?post=248320"},{"taxonomy":"post_tag","embeddable":true,"href":"https:\/\/www.lavras24horas.com.br\/portal\/wp-json\/wp\/v2\/tags?post=248320"}],"curies":[{"name":"wp","href":"https:\/\/api.w.org\/{rel}","templated":true}]}}