{"id":248318,"date":"2019-09-06T12:09:41","date_gmt":"2019-09-06T15:09:41","guid":{"rendered":"https:\/\/www.lavras24horas.com.br\/portal\/?p=248318"},"modified":"2019-09-06T12:09:41","modified_gmt":"2019-09-06T15:09:41","slug":"informativo-da-reuniao-ordinaria-da-camara-municipal-09-09-2019","status":"publish","type":"post","link":"https:\/\/www.lavras24horas.com.br\/portal\/informativo-da-reuniao-ordinaria-da-camara-municipal-09-09-2019\/","title":{"rendered":"Informativo da Reuni\u00e3o Ordin\u00e1ria da C\u00e2mara Municipal \u2013 09\/09\/2019"},"content":{"rendered":"<p style=\"text-align: center;\"><strong>27\u00aa Reuni\u00e3o Ordin\u00e1ria da Sess\u00e3o Legislativa do ano de 2019 \u2013 09\/09\/2019<\/strong><\/p>\n<p><strong>ATAS AGUARDANDO VOTA\u00c7\u00c3O<\/strong><br \/>\n&#8211; Ata da terceira reuni\u00e3o extraordin\u00e1ria da C\u00e2mara Municipal de Lavras, da Sess\u00e3o Legislativa do ano de 2019 \u2013 29\/08\/2019.<br \/>\n&#8211; Ata da quarta reuni\u00e3o extraordin\u00e1ria da C\u00e2mara Municipal de Lavras, da Sess\u00e3o Legislativa do ano de 2019 \u2013 30\/08\/2019.<br \/>\n&#8211; Ata da vig\u00e9sima sexta reuni\u00e3o ordin\u00e1ria da C\u00e2mara Municipal de Lavras, da Sess\u00e3o Legislativa do ano de 2019 \u2013<br \/>\n02\/09\/2019.<\/p>\n<p><strong>REQUERIMENTOS QUE DERAM ENTRADA<\/strong><br \/>\nVereadora Nastenka Georgina Ferreira<br \/>\n01 &#8211; Of\u00edcio ao Chefe do Executivo solicitando a remo\u00e7\u00e3o ou deslocamento do redutor de velocidade<br \/>\nsituado na Rua Toniquinho Pereira, de frente ao Posto Borracheiro.<br \/>\n02 &#8211; Of\u00edcio ao Chefe do Executivo solicitando a substitui\u00e7\u00e3o do abrigo no ponto de \u00f4nibus pr\u00f3ximo \u00e0<br \/>\nFazendinha do Padre Israel.<br \/>\nVereador Sebasti\u00e3o dos Santos Vieira<br \/>\n01 &#8211; Of\u00edcio ao Chefe do Executivo solicitando notifica\u00e7\u00e3o ao propriet\u00e1rio do lote localizado na Rua<br \/>\nJoaquim Teodoro de Rezende, esquina com a Rua Alberto Boari, no bairro S\u00e3o Vicente.<br \/>\nVereador Ubirajara Cassiano Rocha<br \/>\n01 &#8211; Of\u00edcio ao Chefe do Executivo solicitando opera\u00e7\u00e3o tapa buracos na Rua O3, no bairro Caminho das<br \/>\n\u00c1guas.<br \/>\n02 &#8211; Of\u00edcio ao Chefe do Executivo solicitando estudos para instala\u00e7\u00e3o de bueiros na Rua Jos\u00e9 Zucari, na<br \/>\naltura do n\u00ba 83, esquina com a Rua Guilherme naves, no bairro Pitangui.<br \/>\n03 &#8211; Of\u00edcio ao Chefe do Executivo solicitando sinaliza\u00e7\u00e3o na Rua Jos\u00e9 Barroso da Silva, no bairro Dona<br \/>\nJulieta.<br \/>\n04 &#8211; Of\u00edcio ao Chefe do Executivo solicitando estudos para instala\u00e7\u00e3o de redutor de velocidade na Rua<br \/>\nL\u00e9a de Castro Alonso, no bairro Judith C\u00e2ndido.<br \/>\nC\u00e2mara Municipal de Lavras<br \/>\nAv. Pedro Sales, 542 &#8211; Centro &#8211; Lavras\/MG<br \/>\nTelefone: (35) 3821-6140<\/p>\n<p>2<br \/>\n05 &#8211; Of\u00edcio ao Chefe do Executivo solicitando limpeza de bueiro na Tv. Jos\u00e9 J\u00falio de Souza, pr\u00f3ximo<br \/>\nao n\u00ba 88, no bairro S\u00e3o Vicente.<br \/>\nVereador Elias Freire Filho &#8211; Lila<br \/>\n01 &#8211; Of\u00edcio ao Chefe do Executivo solicitando manuten\u00e7\u00e3o da pintura na faixa de pedestres da Pra\u00e7a Dr.<br \/>\nJos\u00e9 Esteves.<br \/>\n02 &#8211; Of\u00edcio ao Chefe do Executivo solicitando o envio de lista de todos os servidores contratados que<br \/>\ntenham acertos a receber, constando nomes e valores, no per\u00edodo de 2016 e 2018.<br \/>\n03 &#8211; Of\u00edcio ao Chefe do Executivo solicitando, com urg\u00eancia, informa\u00e7\u00f5es referentes aos servidores<br \/>\ncedidos a outros \u00f3rg\u00e3os.<br \/>\nVereador Peterson Rodrigo da Silva Borges<br \/>\n01 &#8211; Of\u00edcio ao Chefe do Executivo solicitando revitaliza\u00e7\u00e3o da estrada da Comunidade do Barreiro, zona<br \/>\nrural de Lavras.<br \/>\n02 &#8211; Of\u00edcio ao Chefe do Executivo solicitando que interceda junto aos Correios para que sejam entregues<br \/>\nas correspond\u00eancias aos moradores da Rua Filomena Lina, no bairro Residencial Jardins.<br \/>\nVereador Marcos Possato<br \/>\n01 &#8211; Of\u00edcio ao Chefe do Executivo e \u00e0 Secretaria de Desenvolvimento Econ\u00f4mico, Ind\u00fastria e Com\u00e9rcio,<br \/>\nsolicitando estudos para prorroga\u00e7\u00e3o dos alvar\u00e1s de com\u00e9rcios varejistas de mercadoria em geral com<br \/>\npredomin\u00e2ncia de produtos aliment\u00edcios at\u00e9 as 24:00 horas.<br \/>\n02 &#8211; Of\u00edcio ao Chefe do Executivo solicitando revitaliza\u00e7\u00e3o de alguns pontos cr\u00edticos na Rua<br \/>\nHerm\u00f3genes Ribeiro da Fonseca (rua da bomba).<br \/>\n03 &#8211; Of\u00edcio ao Chefe do Executivo solicitando a instala\u00e7\u00e3o de uma lixeira m\u00f3vel(container) na esquina<br \/>\nda Rua Prof. Orozimbo com Otac\u00edlio Negr\u00e3o de Lima.<br \/>\n04 &#8211; Of\u00edcio ao Chefe do Executivo solicitando a implanta\u00e7\u00e3o de m\u00e3o \u00fanica na Rua Dr. Melo Viana, no<br \/>\ntrecho da Funer\u00e1ria Carvalho at\u00e9 a Rua Cristiano Silva.<\/p>\n<p><strong>MO\u00c7\u00d5ES<\/strong><\/p>\n<p>Vereadora Daiana Garcia<br \/>\n01 \u2013 Mo\u00e7\u00e3o de Cumprimentos ao m\u00e9dico veterin\u00e1rio Dr. Daniel Eduardo Catanzaro Lacreta.<br \/>\n02 \u2013 Mo\u00e7\u00e3o de Cumprimentos ao m\u00e9dico veterin\u00e1rio Dr. Alexandre Souza Burque.<br \/>\nVereador Marcos Possato<br \/>\n01 \u2013 Mo\u00e7\u00e3o de Aplausos ao atleta lavrense M\u00e1rcio Roberto Pereira Carvalho.<\/p>\n<p><strong>PROJETOS AGUARDANDO PARECER DAS COMISS\u00d5ES<\/strong><\/p>\n<p>01- Projeto de Lei do Legislativo n\u00ba 056\/2019 (Vereador Ubirajara Cassiano Rocha) que \u201cDisp\u00f5e sobre<br \/>\na obrigatoriedade de publica\u00e7\u00e3o, via internet, de informa\u00e7\u00f5es sobre os plant\u00f5es m\u00e9dicos\u201d.<br \/>\n02- Projeto de Lei n\u00ba 021\/2019 (Chefe do Executivo) que \u201cAltera a Lei n\u00ba 4.039\/2013, que disp\u00f5e sobre<br \/>\nas penalidades a serem aplicadas \u00e0 pr\u00e1tica de maus-tratos aos animais no Munic\u00edpio de Lavras, e<br \/>\nd\u00e1 outras provid\u00eancias\u201d.<br \/>\n3<br \/>\n03- Projeto de Lei n\u00ba 022\/2019 (Chefe do Executivo) que \u201cInstitui a assinatura digital e admite a<br \/>\nelabora\u00e7\u00e3o na forma eletr\u00f4nica para emiss\u00e3o de atos e documentos de compet\u00eancia do Prefeito<br \/>\nMunicipal, e d\u00e1 outras provid\u00eancias\u201d.<\/p>\n<p><strong>PROJETOS AGUARDANDO INFORMA\u00c7\u00d5ES DO EXECUTIVO<\/strong><\/p>\n<p>01- Projeto de Lei do Legislativo n\u00ba 048\/2019 (Vereadores Marcos Possato e Alessandro Furtado Silva)<br \/>\nque \u201cDenomina de Rua Dr. Nelson Alvarenga Figueiredo, logradouro p\u00fablico que menciona\u201d.<br \/>\n02- Projeto de Lei do Legislativo n\u00ba 049\/2019 (Vereadores Marcos Possato e Alessandro Furtado Silva)<br \/>\nque \u201cDenomina de Rua Gabriel de Siqueira Lopes, logradouro p\u00fablico que menciona\u201d.<br \/>\n03- Projeto de Lei do Legislativo n\u00ba 051\/2019 (Vereador Alessandro Furtado Silva) que \u201cDenomina de<br \/>\nRua Vit\u00f3rio Mascarenhas, logradouro p\u00fablico que menciona\u201d.<\/p>\n<p><strong>PROJETO EM 2\u00aa VOTA\u00c7\u00c3O E REDA\u00c7\u00c3O FINAL<\/strong><\/p>\n<p>01- Projeto de Lei n\u00ba 017\/2019 (Chefe do Executivo) que \u201cAutoriza o Poder Executivo a contratar<br \/>\nopera\u00e7\u00e3o de cr\u00e9dito junto \u00e0 Caixa Econ\u00f4mica Federal \u2013 CEF, no \u00e2mbito do Programa FINISA \u2013<br \/>\ndestinado a aplica\u00e7\u00e3o em despesa de capital, a oferecer garantias e d\u00e1 outras provid\u00eancias\u201d.<\/p>\n<p><strong>PROJETO EM 1\u00aa DISCUSS\u00c3O E VOTA\u00c7\u00c3O<\/strong><\/p>\n<p>02- Projeto de Lei do Legislativo n\u00ba 040\/2019 (Vereadores Carlos Lindomar de Sousa e Coronel Claret)<br \/>\nque \u201cDisp\u00f5e sobre a institui\u00e7\u00e3o do Programa de Integridade nas empresas que contratarem com a<br \/>\nAdministra\u00e7\u00e3o P\u00fablica do Munic\u00edpio de Lavras e d\u00e1 outras provid\u00eancias\u201d.<\/p>\n","protected":false},"excerpt":{"rendered":"<p>27\u00aa Reuni\u00e3o Ordin\u00e1ria da Sess\u00e3o Legislativa do ano de 2019 \u2013 09\/09\/2019 ATAS AGUARDANDO VOTA\u00c7\u00c3O &#8211; Ata da terceira reuni\u00e3o extraordin\u00e1ria da C\u00e2mara Municipal de Lavras, da Sess\u00e3o Legislativa do ano de 2019 \u2013 29\/08\/2019. &#8211; Ata da quarta reuni\u00e3o extraordin\u00e1ria da C\u00e2mara Municipal de Lavras, da Sess\u00e3o Legislativa do ano de 2019 \u2013 30\/08\/2019. [&hellip;]<\/p>\n","protected":false},"author":7,"featured_media":248206,"comment_status":"closed","ping_status":"closed","sticky":false,"template":"","format":"standard","meta":{"advanced_seo_description":"","jetpack_seo_html_title":"","jetpack_seo_noindex":false,"_jetpack_memberships_contains_paid_content":false,"footnotes":""},"categories":[13,4],"tags":[467,466],"class_list":["post-248318","post","type-post","status-publish","format-standard","has-post-thumbnail","hentry","category-laterais-1","category-lavras","tag-automatico","tag-rascunho"],"jetpack_featured_media_url":"https:\/\/i0.wp.com\/www.lavras24horas.com.br\/portal\/wp-content\/uploads\/2019\/09\/fachada-camara-2-Copia.jpg?fit=500%2C281&ssl=1","jetpack_sharing_enabled":true,"jetpack_likes_enabled":true,"jetpack_shortlink":"https:\/\/wp.me\/p12djN-12B8","_links":{"self":[{"href":"https:\/\/www.lavras24horas.com.br\/portal\/wp-json\/wp\/v2\/posts\/248318","targetHints":{"allow":["GET"]}}],"collection":[{"href":"https:\/\/www.lavras24horas.com.br\/portal\/wp-json\/wp\/v2\/posts"}],"about":[{"href":"https:\/\/www.lavras24horas.com.br\/portal\/wp-json\/wp\/v2\/types\/post"}],"author":[{"embeddable":true,"href":"https:\/\/www.lavras24horas.com.br\/portal\/wp-json\/wp\/v2\/users\/7"}],"replies":[{"embeddable":true,"href":"https:\/\/www.lavras24horas.com.br\/portal\/wp-json\/wp\/v2\/comments?post=248318"}],"version-history":[{"count":1,"href":"https:\/\/www.lavras24horas.com.br\/portal\/wp-json\/wp\/v2\/posts\/248318\/revisions"}],"predecessor-version":[{"id":248319,"href":"https:\/\/www.lavras24horas.com.br\/portal\/wp-json\/wp\/v2\/posts\/248318\/revisions\/248319"}],"wp:featuredmedia":[{"embeddable":true,"href":"https:\/\/www.lavras24horas.com.br\/portal\/wp-json\/wp\/v2\/media\/248206"}],"wp:attachment":[{"href":"https:\/\/www.lavras24horas.com.br\/portal\/wp-json\/wp\/v2\/media?parent=248318"}],"wp:term":[{"taxonomy":"category","embeddable":true,"href":"https:\/\/www.lavras24horas.com.br\/portal\/wp-json\/wp\/v2\/categories?post=248318"},{"taxonomy":"post_tag","embeddable":true,"href":"https:\/\/www.lavras24horas.com.br\/portal\/wp-json\/wp\/v2\/tags?post=248318"}],"curies":[{"name":"wp","href":"https:\/\/api.w.org\/{rel}","templated":true}]}}