{"id":248310,"date":"2019-09-06T07:00:28","date_gmt":"2019-09-06T10:00:28","guid":{"rendered":"https:\/\/www.lavras24horas.com.br\/portal\/?p=248310"},"modified":"2019-09-06T07:01:21","modified_gmt":"2019-09-06T10:01:21","slug":"milton-nascimento-fara-show-em-tiradentes-no-feriado-de-7-de-setembro-2","status":"publish","type":"post","link":"https:\/\/www.lavras24horas.com.br\/portal\/milton-nascimento-fara-show-em-tiradentes-no-feriado-de-7-de-setembro-2\/","title":{"rendered":"Milton Nascimento far\u00e1 show em Tiradentes no feriado de 7 de Setembro"},"content":{"rendered":"<p>&nbsp;<\/p>\n<p>&nbsp;<\/p>\n<p style=\"text-align: justify;\">O cantor e compositor Milton Nascimento far\u00e1 uma apresenta\u00e7\u00e3o neste s\u00e1bado, feriado de 7 de Setembro, Dia da Independ\u00eancia do Brasil, em Tiradentes, com a turn\u00ea dedicada aos cl\u00e1ssicos do Clube da Esquina.<\/p>\n<p style=\"text-align: justify;\">O show, promovido pelo Festival Pau Brasil, acontecer\u00e1 no espa\u00e7o do Sant\u00edssimo Resort, \u00e0s 17h.\u00a0 Mais informa\u00e7\u00f5es <span style=\"color: #ff0000;\"><strong><a style=\"color: #ff0000;\" href=\"https:\/\/www.sympla.com.br\/festival-pau-brasil---milton-nascimento__583660\">aqui<\/a><\/strong><\/span>.<\/p>\n","protected":false},"excerpt":{"rendered":"<p>&nbsp; &nbsp; O cantor e compositor Milton Nascimento far\u00e1 uma apresenta\u00e7\u00e3o neste s\u00e1bado, feriado de 7 de Setembro, Dia da Independ\u00eancia do Brasil, em Tiradentes, com a turn\u00ea dedicada aos cl\u00e1ssicos do Clube da Esquina. O show, promovido pelo Festival Pau Brasil, acontecer\u00e1 no espa\u00e7o do Sant\u00edssimo Resort, \u00e0s 17h.\u00a0 Mais informa\u00e7\u00f5es aqui.<\/p>\n","protected":false},"author":7,"featured_media":247668,"comment_status":"closed","ping_status":"closed","sticky":false,"template":"","format":"standard","meta":{"advanced_seo_description":"","jetpack_seo_html_title":"","jetpack_seo_noindex":false,"_jetpack_memberships_contains_paid_content":false,"footnotes":""},"categories":[13077,4],"tags":[467,466],"class_list":["post-248310","post","type-post","status-publish","format-standard","has-post-thumbnail","hentry","category-laterais-2","category-lavras","tag-automatico","tag-rascunho"],"jetpack_featured_media_url":"https:\/\/i0.wp.com\/www.lavras24horas.com.br\/portal\/wp-content\/uploads\/2019\/08\/image-2.jpg?fit=500%2C333&ssl=1","jetpack_sharing_enabled":true,"jetpack_likes_enabled":true,"_links":{"self":[{"href":"https:\/\/www.lavras24horas.com.br\/portal\/wp-json\/wp\/v2\/posts\/248310","targetHints":{"allow":["GET"]}}],"collection":[{"href":"https:\/\/www.lavras24horas.com.br\/portal\/wp-json\/wp\/v2\/posts"}],"about":[{"href":"https:\/\/www.lavras24horas.com.br\/portal\/wp-json\/wp\/v2\/types\/post"}],"author":[{"embeddable":true,"href":"https:\/\/www.lavras24horas.com.br\/portal\/wp-json\/wp\/v2\/users\/7"}],"replies":[{"embeddable":true,"href":"https:\/\/www.lavras24horas.com.br\/portal\/wp-json\/wp\/v2\/comments?post=248310"}],"version-history":[{"count":2,"href":"https:\/\/www.lavras24horas.com.br\/portal\/wp-json\/wp\/v2\/posts\/248310\/revisions"}],"predecessor-version":[{"id":248313,"href":"https:\/\/www.lavras24horas.com.br\/portal\/wp-json\/wp\/v2\/posts\/248310\/revisions\/248313"}],"wp:featuredmedia":[{"embeddable":true,"href":"https:\/\/www.lavras24horas.com.br\/portal\/wp-json\/wp\/v2\/media\/247668"}],"wp:attachment":[{"href":"https:\/\/www.lavras24horas.com.br\/portal\/wp-json\/wp\/v2\/media?parent=248310"}],"wp:term":[{"taxonomy":"category","embeddable":true,"href":"https:\/\/www.lavras24horas.com.br\/portal\/wp-json\/wp\/v2\/categories?post=248310"},{"taxonomy":"post_tag","embeddable":true,"href":"https:\/\/www.lavras24horas.com.br\/portal\/wp-json\/wp\/v2\/tags?post=248310"}],"curies":[{"name":"wp","href":"https:\/\/api.w.org\/{rel}","templated":true}]}}