{"id":248299,"date":"2019-09-06T00:00:46","date_gmt":"2019-09-06T03:00:46","guid":{"rendered":"https:\/\/www.lavras24horas.com.br\/portal\/?p=248299"},"modified":"2019-09-05T15:57:17","modified_gmt":"2019-09-05T18:57:17","slug":"confira-os-cursos-gratuitos-do-senar-de-lavras","status":"publish","type":"post","link":"https:\/\/www.lavras24horas.com.br\/portal\/confira-os-cursos-gratuitos-do-senar-de-lavras\/","title":{"rendered":"Confira os cursos gratuitos do Senar de Lavras"},"content":{"rendered":"<p>&nbsp;<\/p>\n<p>&nbsp;<\/p>\n<p style=\"text-align: center;\"><strong>AGENDA \u2013 09\/09 a 15\/09\/2019<\/strong><\/p>\n<p style=\"text-align: justify;\">Programa\u00e7\u00e3o de Treinamentos do Escrit\u00f3rio Senar\/MG &#8211; Regional Lavras<\/p>\n<p style=\"text-align: justify;\">FORMA\u00c7\u00c3O PROFISSIONAL RURAL<\/p>\n<p style=\"text-align: justify;\">CURSO DE DEFUMADOR DE CARNES E PESCADOS \/ PRODUTOS ESPECIAIS<\/p>\n<p style=\"text-align: justify;\">Data: 10\/09 a 13\/09\/2019<\/p>\n<p style=\"text-align: justify;\">Contato: Sindicato dos Produtores Rurais de El\u00f3i Mendes \u2013 Tel.: (35) 3264-1344<\/p>\n<p style=\"text-align: justify;\">CURSO DE INSEMINADOR<\/p>\n<p style=\"text-align: justify;\">Data: 09\/09 a 13\/09\/2019<\/p>\n<p style=\"text-align: justify;\">Contato: Sindicato dos Produtores Rurais de Monsenhor Paulo \u2013 Tel.: (35) 3263-1279<\/p>\n<p style=\"text-align: justify;\">CURSO DE MOTOSSERRA \/ OPERA\u00c7\u00c3O E MANUTEN\u00c7\u00c3O<\/p>\n<p style=\"text-align: justify;\">Data: 11\/09 a 13\/09\/2019<\/p>\n<p style=\"text-align: justify;\">Contato: Sindicato dos Produtores Rurais de Cambuquira \u2013 Tel.: (35) 3251-1255<\/p>\n<p style=\"text-align: justify;\">CURSO DE PRODUTOS DERIVADOS DO LEITE \/ B\u00c1SICO<\/p>\n<p style=\"text-align: justify;\">Data: 09\/09 a 13\/09\/2019<\/p>\n<p style=\"text-align: justify;\">Contato: Sindicato dos Produtores Rurais de Pouso Alegre \u2013 Tel.: (35) 3423-4932<\/p>\n<p style=\"text-align: justify;\">CURSO DE CLASSIFICA\u00c7\u00c3O E DEGUSTA\u00c7\u00c3O DE CAF\u00c9S ESPECIAIS<\/p>\n<p style=\"text-align: justify;\">Data: 09\/09 a 13\/09\/2019<\/p>\n<p style=\"text-align: justify;\">Contato: Sindicato dos Produtores Rurais de Santa Rita do Sapuca\u00ed \u2013 Tel.: (35) 3471-1109<\/p>\n<p style=\"text-align: justify;\">CURSO DE DRONE (ASA ROTATIVA) \/ OPERA\u00c7\u00d5ES B\u00c1SICAS<\/p>\n<p style=\"text-align: justify;\">Data: 09\/09 a 11\/09\/2019; 12\/09 a 14\/069\/2019<\/p>\n<p style=\"text-align: justify;\">Contato: Sindicato dos Produtores Rurais de Pouso Alegre \u2013 Tel.: (35) 3423-4932<\/p>\n<p style=\"text-align: justify;\">CURSO DE VAQUEIRO<\/p>\n<p style=\"text-align: justify;\">Data: 09\/09 a 13\/09\/2019<\/p>\n<p style=\"text-align: justify;\">Contato: Sindicato dos Produtores Rurais de Passa Tempo \u2013 Tel.: (37) 3335-1061<\/p>\n<p style=\"text-align: justify;\">CURSO DO PROGRAMA JOVEM NO CAMPO \u2013 CASQUEAMENTO E FERRAGEAMENTO<\/p>\n<p style=\"text-align: justify;\">Data: 09\/09 a 13\/09\/2019<\/p>\n<p style=\"text-align: justify;\">Contato: Sindicato dos Produtores Rurais de Concei\u00e7\u00e3o do Rio Verde \u2013 Tel.: (35) 3335-1066<\/p>\n<p style=\"text-align: justify;\">CURSO DE DEFENSIVO AGR\u00cdCOLA \/ MANUAL E TRATORIZADO<\/p>\n<p style=\"text-align: justify;\">Data: 09\/09 a 12\/09\/2019<\/p>\n<p style=\"text-align: justify;\">Contato: Sindicato dos Produtores Rurais de Boa Esperan\u00e7a \u2013 Tel.: (35) 3851-1977<\/p>\n<p style=\"text-align: justify;\">CURSO DE DEFENSIVO AGR\u00cdCOLA \/ TRATORIZADO<\/p>\n<p style=\"text-align: justify;\">Data: 12\/09 a 14\/09\/2019<\/p>\n<p style=\"text-align: justify;\">Contato: Sind. Trab. Rurais, Ass. e Agricultores Fam. Mun. S\u00e3o Francisco de Paula \u2013 Tel.: (37) 3332-1380<\/p>\n<p style=\"text-align: justify;\">CURSO DE RO\u00c7ADEIRA E PODADORA<\/p>\n<p style=\"text-align: justify;\">Data: 09\/09 a 11\/09\/2019<\/p>\n<p style=\"text-align: justify;\">Contato: Sindicato dos Produtores Rurais de Santo Ant\u00f4nio do Amparo \u2013 Tel.: (35) 99924-0603<\/p>\n<p style=\"text-align: justify;\">CURSO DE SEGURAN\u00c7A NO TRABALHO E SERVI\u00c7OS \/ NR31 &#8211; SEMIN\u00c1RIO<\/p>\n<p style=\"text-align: justify;\">Data: 11\/09\/2019; 12\/09\/2019<\/p>\n<p style=\"text-align: justify;\">Contato: Sindicato dos Produtores Rurais de Boa Esperan\u00e7a \u2013 Tel.: (35) 3851-1977<\/p>\n<p style=\"text-align: justify;\">CURSO DE GEST\u00c3O COM QUALIDADE EM CAMPO &#8211; GQC<\/p>\n<p style=\"text-align: justify;\">Data: 10\/09 a 13\/09\/2019<\/p>\n<p style=\"text-align: justify;\">Contato: Sindicato dos Produtores Rurais de Lavras \u2013 Tel.: (35) 99917-2482<\/p>\n<p style=\"text-align: justify;\">CURSO ADMINISTRA\u00c7\u00c3O DE PROPRIEDADES EM REGIME DE ECONOMIA FAMILIAR<\/p>\n<p style=\"text-align: justify;\">Data: 10\/09 a 12\/09\/2019<\/p>\n<p style=\"text-align: justify;\">Contato: Sindicato dos Produtores Rurais de Campo Belo \u2013 Tel.: (35) 3605-3932<\/p>\n<p style=\"text-align: justify;\">CURSO DE APICULTURA \/ PRODU\u00c7\u00c3O DE GELEIA REAL E RAINHAS<\/p>\n<p style=\"text-align: justify;\">Data: 09\/09 a 13\/09\/2019<\/p>\n<p style=\"text-align: justify;\">Contato: Sindicato dos Produtores Rurais de Itamonte \u2013 Tel.: (35) 3363-1221<\/p>\n<p style=\"text-align: justify;\">PROMO\u00c7\u00c3O SOCIAL<\/p>\n<p style=\"text-align: justify;\">ARTESANATO DE FIBRAS NATURAIS (FLEX\u00cdVEIS) \/ PE\u00c7AS UTILIT\u00c1RIAS E DECORATIVAS<\/p>\n<p style=\"text-align: justify;\">Data: 09\/09 a 13\/09\/2019<\/p>\n<p style=\"text-align: justify;\">Contato: Sindicato dos Produtores Rurais de Carmo da Mata \u2013 Tel.: (37) 3383-1244<\/p>\n<p style=\"text-align: justify;\">ARTESANATO EM TECIDOS \/ PE\u00c7AS \u00cdNTIMAS<\/p>\n<p style=\"text-align: justify;\">Data: 09\/09 a 13\/09\/2019<\/p>\n<p style=\"text-align: justify;\">Contato: Associa\u00e7\u00e3o Ambiental S\u00e3o Sebasti\u00e3o dos Campos \/ Senador Amaral \u2013 Tel.: (35) 3437-1107<\/p>\n<p style=\"text-align: justify;\">PLANEJAMENTO DE CARD\u00c1PIOS<\/p>\n<p style=\"text-align: justify;\">Data: 09\/09 a 13\/09\/2019<\/p>\n<p style=\"text-align: justify;\">Contato: Sindicato dos Produtores Rurais de Bom Sucesso \u2013 Tel.: (35) 3841-1147<\/p>\n<p style=\"text-align: justify;\">PLANTAS MEDICINAIS<\/p>\n<p style=\"text-align: justify;\">Data: 09\/09 a 13\/09\/2019<\/p>\n<p style=\"text-align: justify;\">Contato: Sindicato dos Produtores Rurais de Cachoeira de Minas \u2013 Tel.: (35) 3472-1203<\/p>\n<p style=\"text-align: justify;\">PREVEN\u00c7\u00c3O DE ACIDENTES<\/p>\n<p style=\"text-align: justify;\">Data: 09\/09 a 12\/09\/2019; 10\/09 a 13\/09\/2019<\/p>\n<p style=\"text-align: justify;\">Contato: Sindicato dos Produtores Rurais de Concei\u00e7\u00e3o do Rio Verde \u2013 Tel.: (35) 3335-1066<\/p>\n<p style=\"text-align: justify;\">Contato: Sindicato dos Produtores Rurais de Lambari \u2013 Tel.: (35) 3271-6505<\/p>\n<p style=\"text-align: justify;\">Contato: Sindicato dos Produtores Rurais de Santo Ant\u00f4nio do Amparo \u2013 Tel.: (35) 99924-0603<\/p>\n<p style=\"text-align: justify;\">PRODU\u00c7\u00c3O ARTESANAL DE ALIMENTOS<\/p>\n<p style=\"text-align: justify;\">Data: 09\/09 a 13\/09\/2019<\/p>\n<p style=\"text-align: justify;\">Contato: Sindicato dos Produtores Rurais de Candeias \u2013 Tel.: (35) 3833-147<\/p>\n","protected":false},"excerpt":{"rendered":"<p>&nbsp; &nbsp; AGENDA \u2013 09\/09 a 15\/09\/2019 Programa\u00e7\u00e3o de Treinamentos do Escrit\u00f3rio Senar\/MG &#8211; Regional Lavras FORMA\u00c7\u00c3O PROFISSIONAL RURAL CURSO DE DEFUMADOR DE CARNES E PESCADOS \/ PRODUTOS ESPECIAIS Data: 10\/09 a 13\/09\/2019 Contato: Sindicato dos Produtores Rurais de El\u00f3i Mendes \u2013 Tel.: (35) 3264-1344 CURSO DE INSEMINADOR Data: 09\/09 a 13\/09\/2019 Contato: Sindicato dos [&hellip;]<\/p>\n","protected":false},"author":7,"featured_media":248300,"comment_status":"closed","ping_status":"closed","sticky":false,"template":"","format":"standard","meta":{"advanced_seo_description":"","jetpack_seo_html_title":"","jetpack_seo_noindex":false,"_jetpack_memberships_contains_paid_content":false,"footnotes":""},"categories":[14,4],"tags":[467,466],"class_list":["post-248299","post","type-post","status-publish","format-standard","has-post-thumbnail","hentry","category-destaques-2","category-lavras","tag-automatico","tag-rascunho"],"jetpack_featured_media_url":"https:\/\/i0.wp.com\/www.lavras24horas.com.br\/portal\/wp-content\/uploads\/2019\/09\/09c747dba87ad67735647d80290c6898.jpg?fit=500%2C281&ssl=1","jetpack_sharing_enabled":true,"jetpack_likes_enabled":true,"jetpack_shortlink":"https:\/\/wp.me\/p12djN-12AP","_links":{"self":[{"href":"https:\/\/www.lavras24horas.com.br\/portal\/wp-json\/wp\/v2\/posts\/248299","targetHints":{"allow":["GET"]}}],"collection":[{"href":"https:\/\/www.lavras24horas.com.br\/portal\/wp-json\/wp\/v2\/posts"}],"about":[{"href":"https:\/\/www.lavras24horas.com.br\/portal\/wp-json\/wp\/v2\/types\/post"}],"author":[{"embeddable":true,"href":"https:\/\/www.lavras24horas.com.br\/portal\/wp-json\/wp\/v2\/users\/7"}],"replies":[{"embeddable":true,"href":"https:\/\/www.lavras24horas.com.br\/portal\/wp-json\/wp\/v2\/comments?post=248299"}],"version-history":[{"count":1,"href":"https:\/\/www.lavras24horas.com.br\/portal\/wp-json\/wp\/v2\/posts\/248299\/revisions"}],"predecessor-version":[{"id":248301,"href":"https:\/\/www.lavras24horas.com.br\/portal\/wp-json\/wp\/v2\/posts\/248299\/revisions\/248301"}],"wp:featuredmedia":[{"embeddable":true,"href":"https:\/\/www.lavras24horas.com.br\/portal\/wp-json\/wp\/v2\/media\/248300"}],"wp:attachment":[{"href":"https:\/\/www.lavras24horas.com.br\/portal\/wp-json\/wp\/v2\/media?parent=248299"}],"wp:term":[{"taxonomy":"category","embeddable":true,"href":"https:\/\/www.lavras24horas.com.br\/portal\/wp-json\/wp\/v2\/categories?post=248299"},{"taxonomy":"post_tag","embeddable":true,"href":"https:\/\/www.lavras24horas.com.br\/portal\/wp-json\/wp\/v2\/tags?post=248299"}],"curies":[{"name":"wp","href":"https:\/\/api.w.org\/{rel}","templated":true}]}}