{"id":248296,"date":"2019-09-05T13:46:56","date_gmt":"2019-09-05T16:46:56","guid":{"rendered":"https:\/\/www.lavras24horas.com.br\/portal\/?p=248296"},"modified":"2019-09-05T13:46:56","modified_gmt":"2019-09-05T16:46:56","slug":"casos-confirmados-de-sarampo-mais-que-triplicam-em-minas","status":"publish","type":"post","link":"https:\/\/www.lavras24horas.com.br\/portal\/casos-confirmados-de-sarampo-mais-que-triplicam-em-minas\/","title":{"rendered":"Casos confirmados de sarampo mais que triplicam em Minas"},"content":{"rendered":"<p>&nbsp;<\/p>\n<p>&nbsp;<\/p>\n<p style=\"text-align: justify;\">O n\u00famero de casos confirmados de sarampo em Minas Gerais mais que triplicou nos \u00faltimos sete dias. De acordo com dados divulgados pela Secretaria de Estado de Sa\u00fade (SES), 13 pessoas tiveram resultados positivos para a doen\u00e7a. Na semana passada, quatro registros haviam sido confirmados.<\/p>\n<p style=\"text-align: justify;\">\u200bApesar do balan\u00e7o epidemiol\u00f3gico ter sido divulgado nesta quinta-feira (5), o n\u00famero de confirma\u00e7\u00f5es pode ser ainda maior. Isso porque a cidade de Juiz de Fora, na Zona da Mata mineira, confirmou, nesta semana, dois casos importados da enfermidade.<\/p>\n<div id=\"ad_inpost_1\" style=\"text-align: justify;\" data-google-query-id=\"CMS3kMOQuuQCFQ5_wQodTfUHqw\">\n<div id=\"google_ads_iframe_\/1368806\/horizontes_1__container__\">Eles ainda n\u00e3o constam no levantamento da SES e devem ser inclu\u00eddos somente no pr\u00f3ximo boletim, que ser\u00e1 divulgado na semana que vem. Com isso, ser\u00e3o pelo menos 15 casos confirmados de sarampo do Estado.<\/div>\n<\/div>\n<p style=\"text-align: justify;\">O boletim da SES divulgado hoje revela, ainda, 138 casos notificados sob investiga\u00e7\u00e3o.<\/p>\n<p style=\"text-align: justify;\"><strong>Ocorr\u00eancias<\/strong><\/p>\n<p style=\"text-align: justify;\">Dos casos que constam no balan\u00e7o da SES, nove ocorreram em Uberl\u00e2ndia, na regi\u00e3o do Tri\u00e2ngulo Mineiro. &#8220;Estes casos foram confirmados pelo crit\u00e9rio cl\u00ednico-epidemiol\u00f3gico, isto \u00e9, apresentaram sinais e sintomas caracter\u00edsticos da doen\u00e7a e t\u00eam hist\u00f3rico de contato direto com o caso de sarampo confirmado&#8221;, explicou a secretaria.<\/p>\n<p style=\"text-align: justify;\">Outras duas confirma\u00e7\u00f5es ocorreram em Belo Horizonte, uma em Betim e outra em Contagem. Em Juiz de Fora, que ainda n\u00e3o consta no levantamento, foram confirmadas a doen\u00e7a em um adolescente de 16 anos e em um beb\u00ea, de apenas um ano.<\/p>\n<p style=\"text-align: justify;\">A Secretaria Municipal de Sa\u00fade da cidade informou que os dois tiveram contatos com parentes de S\u00e3o Paulo, cidade que est\u00e1 enfrentando surto de sarampo. Depois que foram avaliadas e vacinadas, as v\u00edtimas est\u00e3o fazendo o tratamento em casa.<\/p>\n<p style=\"text-align: justify;\"><strong>Sobre a doen\u00e7a<\/strong><\/p>\n<p style=\"text-align: justify;\">O sarampo \u00e9 uma doen\u00e7a viral, infecciosa aguda, grave, transmiss\u00edvel, altamente contagiosa e comum na inf\u00e2ncia. A doen\u00e7a come\u00e7a inicialmente com febre, manchas avermelhadas pelo corpo, sintomas respirat\u00f3rios e oculares. Tamb\u00e9m incluem tosse, coriza, rinite aguda, conjuntivite, fotofobia (avers\u00e3o \u00e0 luz) e manchas de koplik (pequenos pontos esbranqui\u00e7ados presentes na mucosa oral).<\/p>\n<p style=\"text-align: justify;\">A transmiss\u00e3o ocorre de pessoa a pessoa por meio de secre\u00e7\u00f5es presentes na fala, tosse, espirros ou at\u00e9 mesmo respira\u00e7\u00e3o. Na presen\u00e7a de pessoas n\u00e3o imunizadas ou que nunca apresentaram sarampo, a doen\u00e7a pode se manter em n\u00edveis end\u00eamicos, produzindo epidemias recorrentes.<\/p>\n<p><strong>Fonte: Renata Evangelista<\/strong><\/p>\n","protected":false},"excerpt":{"rendered":"<p>&nbsp; &nbsp; O n\u00famero de casos confirmados de sarampo em Minas Gerais mais que triplicou nos \u00faltimos sete dias. De acordo com dados divulgados pela Secretaria de Estado de Sa\u00fade (SES), 13 pessoas tiveram resultados positivos para a doen\u00e7a. Na semana passada, quatro registros haviam sido confirmados. \u200bApesar do balan\u00e7o epidemiol\u00f3gico ter sido divulgado nesta [&hellip;]<\/p>\n","protected":false},"author":7,"featured_media":248297,"comment_status":"closed","ping_status":"closed","sticky":false,"template":"","format":"standard","meta":{"advanced_seo_description":"","jetpack_seo_html_title":"","jetpack_seo_noindex":false,"_jetpack_memberships_contains_paid_content":false,"footnotes":""},"categories":[12,4],"tags":[467,466],"class_list":["post-248296","post","type-post","status-publish","format-standard","has-post-thumbnail","hentry","category-destaques-1","category-lavras","tag-automatico","tag-rascunho"],"jetpack_featured_media_url":"https:\/\/i0.wp.com\/www.lavras24horas.com.br\/portal\/wp-content\/uploads\/2019\/09\/image.jpg?fit=653%2C459&ssl=1","jetpack_sharing_enabled":true,"jetpack_likes_enabled":true,"_links":{"self":[{"href":"https:\/\/www.lavras24horas.com.br\/portal\/wp-json\/wp\/v2\/posts\/248296","targetHints":{"allow":["GET"]}}],"collection":[{"href":"https:\/\/www.lavras24horas.com.br\/portal\/wp-json\/wp\/v2\/posts"}],"about":[{"href":"https:\/\/www.lavras24horas.com.br\/portal\/wp-json\/wp\/v2\/types\/post"}],"author":[{"embeddable":true,"href":"https:\/\/www.lavras24horas.com.br\/portal\/wp-json\/wp\/v2\/users\/7"}],"replies":[{"embeddable":true,"href":"https:\/\/www.lavras24horas.com.br\/portal\/wp-json\/wp\/v2\/comments?post=248296"}],"version-history":[{"count":1,"href":"https:\/\/www.lavras24horas.com.br\/portal\/wp-json\/wp\/v2\/posts\/248296\/revisions"}],"predecessor-version":[{"id":248298,"href":"https:\/\/www.lavras24horas.com.br\/portal\/wp-json\/wp\/v2\/posts\/248296\/revisions\/248298"}],"wp:featuredmedia":[{"embeddable":true,"href":"https:\/\/www.lavras24horas.com.br\/portal\/wp-json\/wp\/v2\/media\/248297"}],"wp:attachment":[{"href":"https:\/\/www.lavras24horas.com.br\/portal\/wp-json\/wp\/v2\/media?parent=248296"}],"wp:term":[{"taxonomy":"category","embeddable":true,"href":"https:\/\/www.lavras24horas.com.br\/portal\/wp-json\/wp\/v2\/categories?post=248296"},{"taxonomy":"post_tag","embeddable":true,"href":"https:\/\/www.lavras24horas.com.br\/portal\/wp-json\/wp\/v2\/tags?post=248296"}],"curies":[{"name":"wp","href":"https:\/\/api.w.org\/{rel}","templated":true}]}}