{"id":248287,"date":"2019-09-05T13:16:05","date_gmt":"2019-09-05T16:16:05","guid":{"rendered":"https:\/\/www.lavras24horas.com.br\/portal\/?p=248287"},"modified":"2019-09-05T13:16:05","modified_gmt":"2019-09-05T16:16:05","slug":"proclamas-de-casamento-do-cartorio-de-registro-civil-de-lavras-53","status":"publish","type":"post","link":"https:\/\/www.lavras24horas.com.br\/portal\/proclamas-de-casamento-do-cartorio-de-registro-civil-de-lavras-53\/","title":{"rendered":"Proclamas de Casamento do Cart\u00f3rio de Registro Civil de Lavras"},"content":{"rendered":"<p>&nbsp;<\/p>\n<p>&nbsp;<\/p>\n<p style=\"text-align: center;\"><strong>REP\u00daBLICA FEDERATIVA DO BRASIL<\/strong><\/p>\n<p style=\"text-align: center;\"><strong>ESTADO DE MINAS GERAIS<\/strong><\/p>\n<p style=\"text-align: center;\">Cart\u00f3rio de Registro Civil Souza Naves<\/p>\n<p style=\"text-align: center;\"><strong>Oficial Titular: J\u00c9SSICA LA\u00cdS BELCHIOR PEREIRA ASSIS<\/strong><\/p>\n<p style=\"text-align: center;\">Rua Santana, 194-A Centro<\/p>\n<p style=\"text-align: center;\">37200-000 &#8211; Lavras &#8211; MG<\/p>\n<p><strong>\u00a0<\/strong><\/p>\n<p><strong>Faz saber que pretendem casar-se:<\/strong><\/p>\n<p>&nbsp;<\/p>\n<p>011506 &#8211; BRYAN ANDERSON SOUZA, solteiro, maior, Arquiteto, natural de Lavras-MG, resid\u00eancia Travessa Rui Barbosa, 15 A, Vila Murad, Lavras-MG, filho(a) de JO\u00c3O LUIS DE SOUZA e D\u00c9BORA APARECIDA FLOR SOUZA; e IZABELLE DE OLIVEIRA AZEVEDO, solteira, maior, Tecnica em Seguran\u00e7a do Trabalho, natural de Lavras-MG, resid\u00eancia Rua Mauro Leite, 256, Jardim Campestre 2, Lavras-MG, filho(a) de ROSIVALDO AZEVEDO e ROSANA DE OLIVEIRA AZEVEDO;<\/p>\n<p>011507 &#8211; JEFFERSON DA SILVA TEODORO, solteiro, maior, Auxiliar de Produ\u00e7\u00e3o, natural de Lavras-MG, resid\u00eancia Rua Vereador Fausto Pedroso, 61, Judith Candido, Lavras-MG, filho(a) de &#8220;SEM INFORMA\u00c7\u00c3O&#8221; e CRISTIANE DA SILVA TEODORO; e ANA CLAUDIA DE ANDRADE, solteira, maior, Tecnica de Enfermagem, natural de Lavras-MG, resid\u00eancia Rua Vereador Fausto Pedroso, 61, Judith Candido, Lavras-MG, filho(a) de CARLOS ROBERTO DE ANDRADE e VERA LUCIA DE SOUSA ANDRADE;<\/p>\n<p>011508 &#8211; RAPHAEL EVANGELISTA ORLANDI, solteiro, maior, Veterin\u00e1rio, natural de Lavras-MG, resid\u00eancia Avenida Juventino Dias Filho, 400, Jardim Gl\u00f3ria, Lavras-MG, filho(a) de JO\u00c3O CARLOS ORLANDI e ROG\u00c9RIA C\u00c1SSIA EVANGELISTA ORLANDI; e NAT\u00c1LIA PEREIRA BOTELHO COELHO, solteira, maior, Assistente Administrativo, natural de Lavras-MG, resid\u00eancia Rua Cl\u00e1udio M\u00e1ximo, 91, Serra Azul, Lavras-MG, filho(a) de JO\u00c3O BATISTA COELHO e ROMILDA APARECIDA CARVALHO PEREIRA COELHO;<\/p>\n<p>011509 &#8211; RAFAEL V\u00cdTOR DA SILVA, solteiro, maior, estudante, natural de Lavras-MG, resid\u00eancia Rua 16, n\u00ba 120, Vista do Lago, Lavras-MG, filho(a) de EDSON V\u00cdTOR SILVA e ROS\u00c2NGELA CL\u00c1UDIA DA SILVA; e ALICE EUSTAQUIO DANGO, solteira, nascida em 29 de maio de 2002, estudante, natural de Lavras-MG, resid\u00eancia Rua 16, n\u00ba 120, Vista do Lago, Lavras-MG, filho(a) de ISAIAS APARECIDO DANGO e VANIA EUSTAQUIO DOS SANTOS;<\/p>\n<p>011510 &#8211; FILIPE EMANUEL MESQUITA BRAGA, solteiro, maior, advogado, natural de Lavras-MG, resid\u00eancia Rua Judith Sales, 401, Joaquim Sales, Lavras-MG, filho(a) de NILSON BRAGA e VIRC\u00c9A DE JESUS MESQUITA BRAGA; e MYLENA OLIVEIRA SILVA, solteira, maior, promotora de vendas, natural de Lavras-MG, resid\u00eancia Rua Judith Sales, 401, Joaquim Sales, Lavras-MG, filho(a) de EURICO MARQUES DA SILVA e MARIA DAS GRA\u00c7AS OLIVEIRA SILVA;<\/p>\n<p>011511 &#8211; ADRIANO M\u00c1RCIO DE ABREU, solteiro, maior, Autonomo, natural de Lavras-MG, resid\u00eancia Fazenda Pedra Preta, Comunidade Serrinha, Lavras-MG, filho(a) de JOS\u00c9 M\u00c1RCIO DE ABREU e MARCIA ANUNCIA\u00c7\u00c3O DE SOUZA; e NAURIANY ALVES NASCIMENTO, solteira, maior, Psic\u00f3loga, natural de Lavras-MG, resid\u00eancia Rua Mauricio Zakia, 130, Arthur Bernardes, Lavras-MG, filho(a) de CARLOS ANT\u00d4NIO DO NASCIMENTO e ADEGNAURA DE F\u00c1TIMA ALVES DO NASCIMENTO;<\/p>\n<p><strong>Os contraentes apresentaram os documentos exigidos pelo art.1525 do C\u00f3digo Civil Brasileiro. Se algu\u00e9m souber de algum impedimento, que os impe\u00e7am de se casar, que o fa\u00e7a na forma da Lei:<\/strong><\/p>\n<p><strong>\u00a0<\/strong><\/p>\n<p style=\"text-align: center;\"><strong>Lavras , 05\/09\/2019<\/strong><\/p>\n<p style=\"text-align: center;\"><strong>\u00a0<\/strong><strong>J\u00c9SSICA LA\u00cdS BELCHIOR PEREIRA ASSIS <\/strong><\/p>\n<p style=\"text-align: center;\"><strong>Oficial do Registro Civil<\/strong><\/p>\n","protected":false},"excerpt":{"rendered":"<p>&nbsp; &nbsp; REP\u00daBLICA FEDERATIVA DO BRASIL ESTADO DE MINAS GERAIS Cart\u00f3rio de Registro Civil Souza Naves Oficial Titular: J\u00c9SSICA LA\u00cdS BELCHIOR PEREIRA ASSIS Rua Santana, 194-A Centro 37200-000 &#8211; Lavras &#8211; MG \u00a0 Faz saber que pretendem casar-se: &nbsp; 011506 &#8211; BRYAN ANDERSON SOUZA, solteiro, maior, Arquiteto, natural de Lavras-MG, resid\u00eancia Travessa Rui Barbosa, 15 [&hellip;]<\/p>\n","protected":false},"author":7,"featured_media":248288,"comment_status":"closed","ping_status":"closed","sticky":false,"template":"","format":"standard","meta":{"advanced_seo_description":"","jetpack_seo_html_title":"","jetpack_seo_noindex":false,"_jetpack_memberships_contains_paid_content":false,"footnotes":""},"categories":[14,4],"tags":[467,466],"class_list":["post-248287","post","type-post","status-publish","format-standard","has-post-thumbnail","hentry","category-destaques-2","category-lavras","tag-automatico","tag-rascunho"],"jetpack_featured_media_url":"https:\/\/i0.wp.com\/www.lavras24horas.com.br\/portal\/wp-content\/uploads\/2019\/09\/d5fcdda7-54cf-4cbc-aadb-2e0301cd6e3c-4.jpg?fit=524%2C350&ssl=1","jetpack_sharing_enabled":true,"jetpack_likes_enabled":true,"_links":{"self":[{"href":"https:\/\/www.lavras24horas.com.br\/portal\/wp-json\/wp\/v2\/posts\/248287","targetHints":{"allow":["GET"]}}],"collection":[{"href":"https:\/\/www.lavras24horas.com.br\/portal\/wp-json\/wp\/v2\/posts"}],"about":[{"href":"https:\/\/www.lavras24horas.com.br\/portal\/wp-json\/wp\/v2\/types\/post"}],"author":[{"embeddable":true,"href":"https:\/\/www.lavras24horas.com.br\/portal\/wp-json\/wp\/v2\/users\/7"}],"replies":[{"embeddable":true,"href":"https:\/\/www.lavras24horas.com.br\/portal\/wp-json\/wp\/v2\/comments?post=248287"}],"version-history":[{"count":1,"href":"https:\/\/www.lavras24horas.com.br\/portal\/wp-json\/wp\/v2\/posts\/248287\/revisions"}],"predecessor-version":[{"id":248289,"href":"https:\/\/www.lavras24horas.com.br\/portal\/wp-json\/wp\/v2\/posts\/248287\/revisions\/248289"}],"wp:featuredmedia":[{"embeddable":true,"href":"https:\/\/www.lavras24horas.com.br\/portal\/wp-json\/wp\/v2\/media\/248288"}],"wp:attachment":[{"href":"https:\/\/www.lavras24horas.com.br\/portal\/wp-json\/wp\/v2\/media?parent=248287"}],"wp:term":[{"taxonomy":"category","embeddable":true,"href":"https:\/\/www.lavras24horas.com.br\/portal\/wp-json\/wp\/v2\/categories?post=248287"},{"taxonomy":"post_tag","embeddable":true,"href":"https:\/\/www.lavras24horas.com.br\/portal\/wp-json\/wp\/v2\/tags?post=248287"}],"curies":[{"name":"wp","href":"https:\/\/api.w.org\/{rel}","templated":true}]}}