{"id":248275,"date":"2019-09-05T07:00:33","date_gmt":"2019-09-05T10:00:33","guid":{"rendered":"https:\/\/www.lavras24horas.com.br\/portal\/?p=248275"},"modified":"2019-09-04T14:58:19","modified_gmt":"2019-09-04T17:58:19","slug":"psfs-abrirao-em-horario-especial-para-vacinacao-contra-sarampo-nesta-semana","status":"publish","type":"post","link":"https:\/\/www.lavras24horas.com.br\/portal\/psfs-abrirao-em-horario-especial-para-vacinacao-contra-sarampo-nesta-semana\/","title":{"rendered":"PSFs abrir\u00e3o em hor\u00e1rio especial para vacina\u00e7\u00e3o contra Sarampo nesta semana"},"content":{"rendered":"<p>&nbsp;<\/p>\n<p style=\"font-weight: 400; text-align: justify;\">Nos dias 4, 5 e 6 de setembro os PSFs (Programa de Sa\u00fade da Fam\u00edlia) estar\u00e3o abertos at\u00e9 \u00e0s 19h, para a intensifica\u00e7\u00e3o da vacina\u00e7\u00e3o contra sarampo, em especial para as crian\u00e7as de 6 meses a menos de 1 ano de idade. Tamb\u00e9m ser\u00e3o verificados os cart\u00f5es de\u00a0 vacina\u00a0 de toda a\u00a0popula\u00e7\u00e3o e vacinados aqueles que n\u00e3o estiverem em dia com o cronograma.<\/p>\n<p style=\"font-weight: 400; text-align: justify;\">Lembrando que indiv\u00edduos menores de 30 anos devem ter tomado 2 doses de tr\u00edplice viral e indiv\u00edduos de 30 a 49 anos deve ter\u00a0tomado 1 dose de tr\u00edplice viral, comprovados no cart\u00e3o de vacina, profissionais da \u00e1rea de sa\u00fade independente da idade devem ter 2 doses de tr\u00edplice viral no cart\u00e3o. Quem n\u00e3o tiver cart\u00e3o de vacina deve comparecer tamb\u00e9m, porque na falta do cart\u00e3o ser\u00e3o realizadas as vacinas\u00a0novamente.<\/p>\n<p style=\"font-weight: 400;\"><b><strong><em>*Diretoria de Comunica\u00e7\u00e3o Social \u2013 Governo Municipal de Lavras<\/em><\/strong><\/b><\/p>\n","protected":false},"excerpt":{"rendered":"<p>&nbsp; Nos dias 4, 5 e 6 de setembro os PSFs (Programa de Sa\u00fade da Fam\u00edlia) estar\u00e3o abertos at\u00e9 \u00e0s 19h, para a intensifica\u00e7\u00e3o da vacina\u00e7\u00e3o contra sarampo, em especial para as crian\u00e7as de 6 meses a menos de 1 ano de idade. Tamb\u00e9m ser\u00e3o verificados os cart\u00f5es de\u00a0 vacina\u00a0 de toda a\u00a0popula\u00e7\u00e3o e vacinados [&hellip;]<\/p>\n","protected":false},"author":7,"featured_media":248276,"comment_status":"closed","ping_status":"closed","sticky":false,"template":"","format":"standard","meta":{"advanced_seo_description":"","jetpack_seo_html_title":"","jetpack_seo_noindex":false,"_jetpack_memberships_contains_paid_content":false,"footnotes":""},"categories":[13,4],"tags":[467,466],"class_list":["post-248275","post","type-post","status-publish","format-standard","has-post-thumbnail","hentry","category-laterais-1","category-lavras","tag-automatico","tag-rascunho"],"jetpack_featured_media_url":"https:\/\/i0.wp.com\/www.lavras24horas.com.br\/portal\/wp-content\/uploads\/2019\/09\/vacina-orlando.jpg?fit=500%2C333&ssl=1","jetpack_sharing_enabled":true,"jetpack_likes_enabled":true,"_links":{"self":[{"href":"https:\/\/www.lavras24horas.com.br\/portal\/wp-json\/wp\/v2\/posts\/248275","targetHints":{"allow":["GET"]}}],"collection":[{"href":"https:\/\/www.lavras24horas.com.br\/portal\/wp-json\/wp\/v2\/posts"}],"about":[{"href":"https:\/\/www.lavras24horas.com.br\/portal\/wp-json\/wp\/v2\/types\/post"}],"author":[{"embeddable":true,"href":"https:\/\/www.lavras24horas.com.br\/portal\/wp-json\/wp\/v2\/users\/7"}],"replies":[{"embeddable":true,"href":"https:\/\/www.lavras24horas.com.br\/portal\/wp-json\/wp\/v2\/comments?post=248275"}],"version-history":[{"count":1,"href":"https:\/\/www.lavras24horas.com.br\/portal\/wp-json\/wp\/v2\/posts\/248275\/revisions"}],"predecessor-version":[{"id":248277,"href":"https:\/\/www.lavras24horas.com.br\/portal\/wp-json\/wp\/v2\/posts\/248275\/revisions\/248277"}],"wp:featuredmedia":[{"embeddable":true,"href":"https:\/\/www.lavras24horas.com.br\/portal\/wp-json\/wp\/v2\/media\/248276"}],"wp:attachment":[{"href":"https:\/\/www.lavras24horas.com.br\/portal\/wp-json\/wp\/v2\/media?parent=248275"}],"wp:term":[{"taxonomy":"category","embeddable":true,"href":"https:\/\/www.lavras24horas.com.br\/portal\/wp-json\/wp\/v2\/categories?post=248275"},{"taxonomy":"post_tag","embeddable":true,"href":"https:\/\/www.lavras24horas.com.br\/portal\/wp-json\/wp\/v2\/tags?post=248275"}],"curies":[{"name":"wp","href":"https:\/\/api.w.org\/{rel}","templated":true}]}}