{"id":248272,"date":"2019-09-05T07:00:06","date_gmt":"2019-09-05T10:00:06","guid":{"rendered":"https:\/\/www.lavras24horas.com.br\/portal\/?p=248272"},"modified":"2019-09-04T14:19:33","modified_gmt":"2019-09-04T17:19:33","slug":"regiao-governador-participa-de-inauguracao-do-primeiro-espaco-5g-de-mg","status":"publish","type":"post","link":"https:\/\/www.lavras24horas.com.br\/portal\/regiao-governador-participa-de-inauguracao-do-primeiro-espaco-5g-de-mg\/","title":{"rendered":"Regi\u00e3o: Governador participa de inaugura\u00e7\u00e3o do primeiro espa\u00e7o 5G de MG"},"content":{"rendered":"<p>&nbsp;<\/p>\n<p>&nbsp;<\/p>\n<p style=\"text-align: justify;\">Nesta quinta (5\/9), em mais um \u201cGiro pelo Estado\u201d, o governador de Minas Gerais, Romeu Zema, visita Santa Rita do Sapuca\u00ed e Itajub\u00e1, no Sul de Minas, regi\u00e3o considerada polo tecnol\u00f3gico do estado.\u00a0 Pela manh\u00e3, ele conhece o Instituto Nacional de Telecomunica\u00e7\u00f5es (Inatel), em Santa Rita do Sapuca\u00ed, e participa da abertura da 5\u00aa edi\u00e7\u00e3o do festival HackTown e da inaugura\u00e7\u00e3o da Casa 5G, fruto da parceria entre o Inatel, a TIM e a Ericsson. No per\u00edodo da tarde, Zema vai a Itajub\u00e1 para conhecer a Universidade Federal de Itajub\u00e1 (Unifei), onde tamb\u00e9m visita o parque cient\u00edfico-tecnol\u00f3gico.<\/p>\n<p style=\"text-align: justify;\">De 5 a 8 de setembro, a cidade de Santa Rita do Sapuca\u00ed, no Sul do estado, sedia a 5\u00aa edi\u00e7\u00e3o do HackTown, festival que tem como temas tecnologia, pessoas, m\u00fasica, agroneg\u00f3cio, empreendedorismo e artes. Nos quatro dias de evento, haver\u00e1 600 palestras.<\/p>\n<p style=\"text-align: justify;\">Neste ano, a novidade \u00e9 a inaugura\u00e7\u00e3o da Casa TIM 5G, que prev\u00ea, dentro do conceito \u201cInternet das Coisas\u201d, solu\u00e7\u00f5es inteligentes para ilumina\u00e7\u00e3o, seguran\u00e7a e rastreamento de ve\u00edculos. O espa\u00e7o vai ser palco de uma imers\u00e3o 5G com o objetivo de demonstrar como a tecnologia pode ser aplicada em solu\u00e7\u00f5es para ind\u00fastria, cidades, entretenimento, realidade aumentada, rob\u00f3tica e games. Minas Gerais ser\u00e1 o primeiro estado da Regi\u00e3o Sudeste a receber o projeto.<\/p>\n<p><strong>\u00a0<\/strong><\/p>\n<p><strong>Vale do Sil\u00edcio brasileiro\u00a0<\/strong><\/p>\n<p>Santa Rita do Sapuca\u00ed, tamb\u00e9m \u00e9 conhecida como \u201cVale da Eletr\u00f4nica\u201d ou \u201cVale do Sil\u00edcio brasileiro\u201d, em alus\u00e3o \u00e0 regi\u00e3o da ba\u00eda de S\u00e3o Francisco, na Calif\u00f3rnia, nos Estados Unidos. Atualmente, mais de 150 empresas na \u00e1rea de tecnologia, que geram 14,5 mil empregos e, em 2018, faturaram R$ 3,2 bilh\u00f5es est\u00e3o concentradas pr\u00f3ximas ao munic\u00edpio.<\/p>\n<p>Em Itajub\u00e1, o governador visita a Universidade Federal de Itajub\u00e1 (Unifei), onde conhece o parque cient\u00edfico-tecnol\u00f3gico, que desenvolve pesquisas nas \u00e1reas de Energia, Eletr\u00f4nica, Tecnologia da Informa\u00e7\u00e3o, Software, Bioengenharia e Aeron\u00e1utica. S\u00e3o tr\u00eas Centros de Estudos, Investiga\u00e7\u00e3o e Inova\u00e7\u00e3o (CEII): Efici\u00eancia Energ\u00e9tica, Materiais Biofuncionais Avan\u00e7ados e Qualidade da Energia e Compatibilidade El\u00e9trica em Redes Inteligentes. O parque foi inaugurado em 2012 e \u00e9 fruto de uma parceria entre os governos estadual, federal e municipal e teve investimento de mais de R$ 30 milh\u00f5es.<\/p>\n","protected":false},"excerpt":{"rendered":"<p>&nbsp; &nbsp; Nesta quinta (5\/9), em mais um \u201cGiro pelo Estado\u201d, o governador de Minas Gerais, Romeu Zema, visita Santa Rita do Sapuca\u00ed e Itajub\u00e1, no Sul de Minas, regi\u00e3o considerada polo tecnol\u00f3gico do estado.\u00a0 Pela manh\u00e3, ele conhece o Instituto Nacional de Telecomunica\u00e7\u00f5es (Inatel), em Santa Rita do Sapuca\u00ed, e participa da abertura da [&hellip;]<\/p>\n","protected":false},"author":7,"featured_media":248273,"comment_status":"closed","ping_status":"closed","sticky":false,"template":"","format":"standard","meta":{"advanced_seo_description":"","jetpack_seo_html_title":"","jetpack_seo_noindex":false,"_jetpack_memberships_contains_paid_content":false,"footnotes":""},"categories":[14,4],"tags":[467,466],"class_list":["post-248272","post","type-post","status-publish","format-standard","has-post-thumbnail","hentry","category-destaques-2","category-lavras","tag-automatico","tag-rascunho"],"jetpack_featured_media_url":"https:\/\/i0.wp.com\/www.lavras24horas.com.br\/portal\/wp-content\/uploads\/2019\/09\/5G_CIO.jpg?fit=625%2C469&ssl=1","jetpack_sharing_enabled":true,"jetpack_likes_enabled":true,"_links":{"self":[{"href":"https:\/\/www.lavras24horas.com.br\/portal\/wp-json\/wp\/v2\/posts\/248272","targetHints":{"allow":["GET"]}}],"collection":[{"href":"https:\/\/www.lavras24horas.com.br\/portal\/wp-json\/wp\/v2\/posts"}],"about":[{"href":"https:\/\/www.lavras24horas.com.br\/portal\/wp-json\/wp\/v2\/types\/post"}],"author":[{"embeddable":true,"href":"https:\/\/www.lavras24horas.com.br\/portal\/wp-json\/wp\/v2\/users\/7"}],"replies":[{"embeddable":true,"href":"https:\/\/www.lavras24horas.com.br\/portal\/wp-json\/wp\/v2\/comments?post=248272"}],"version-history":[{"count":1,"href":"https:\/\/www.lavras24horas.com.br\/portal\/wp-json\/wp\/v2\/posts\/248272\/revisions"}],"predecessor-version":[{"id":248274,"href":"https:\/\/www.lavras24horas.com.br\/portal\/wp-json\/wp\/v2\/posts\/248272\/revisions\/248274"}],"wp:featuredmedia":[{"embeddable":true,"href":"https:\/\/www.lavras24horas.com.br\/portal\/wp-json\/wp\/v2\/media\/248273"}],"wp:attachment":[{"href":"https:\/\/www.lavras24horas.com.br\/portal\/wp-json\/wp\/v2\/media?parent=248272"}],"wp:term":[{"taxonomy":"category","embeddable":true,"href":"https:\/\/www.lavras24horas.com.br\/portal\/wp-json\/wp\/v2\/categories?post=248272"},{"taxonomy":"post_tag","embeddable":true,"href":"https:\/\/www.lavras24horas.com.br\/portal\/wp-json\/wp\/v2\/tags?post=248272"}],"curies":[{"name":"wp","href":"https:\/\/api.w.org\/{rel}","templated":true}]}}