{"id":248268,"date":"2019-09-05T07:00:49","date_gmt":"2019-09-05T10:00:49","guid":{"rendered":"https:\/\/www.lavras24horas.com.br\/portal\/?p=248268"},"modified":"2019-09-04T14:15:20","modified_gmt":"2019-09-04T17:15:20","slug":"senac-contrata-docentes-para-cursos-de-mba-no-sul-de-minas","status":"publish","type":"post","link":"https:\/\/www.lavras24horas.com.br\/portal\/senac-contrata-docentes-para-cursos-de-mba-no-sul-de-minas\/","title":{"rendered":"Senac contrata docentes para cursos de MBA no Sul de Minas"},"content":{"rendered":"<p>&nbsp;<\/p>\n<p>O Senac est\u00e1 a contratar docentes para cursos de MBA no Sul de Minas.<\/p>\n<p>As vagas s\u00e3o para as seguintes as \u00e1reas de atua\u00e7\u00e3o: \u2800\u2800<br \/>\n\u2800\u2800\u2800\u2800\u2800\u2800\u2800<br \/>\n&#8211; Auditoria e Per\u00edcia Cont\u00e1bil;<br \/>\n&#8211; Gest\u00e3o Empresarial;<br \/>\n&#8211; Gest\u00e3o de Projetos;<br \/>\n&#8211; Gest\u00e3o de Sa\u00fade;<br \/>\n&#8211; Gest\u00e3o do Agroneg\u00f3cio;<br \/>\n&#8211; Gest\u00e3o de Varejo Ominivarejo;<br \/>\n&#8211; Gest\u00e3o Educacional;<br \/>\n&#8211; Gest\u00e3o de Pessoas;<br \/>\n&#8211; Gest\u00e3o Financeira e Controladoria;<br \/>\n&#8211; Gest\u00e3o Gastron\u00f4mica e Hoteleira;<br \/>\n&#8211; Inova\u00e7\u00e3o e Competitividade;<br \/>\n&#8211; Marketing e Varejo. \u2800<\/p>\n<p><span class=\"_5mfr\"><span class=\"_6qdm\">\ud83d\udd38<\/span><\/span>\u00a0Titula\u00e7\u00e3o M\u00ednima: Mestrado e\/ou Doutorado<\/p>\n<p><strong>Mais informa\u00e7\u00f5es:<\/strong><\/p>\n<p style=\"font-weight: 400;\">Instagram\u00a0<a href=\"https:\/\/www.instagram.com\/p\/B1ygM5qF1LF\/\">https:\/\/www.instagram.com\/p\/B1ygM5qF1LF\/<\/a><\/p>\n<p style=\"font-weight: 400;\">Facebook\u00a0<a href=\"https:\/\/www.facebook.com\/senacminas\/photos\/a.202891776414882\/2571724209531615\/?type=3&amp;theater\">https:\/\/www.facebook.com\/senacminas\/photos\/a.202891776414882\/2571724209531615\/?type=3&amp;theater<\/a><\/p>\n<p style=\"font-weight: 400;\">LinkedIn\u00a0<a href=\"https:\/\/www.linkedin.com\/posts\/senacminas_vagas-trabalheconosco-minasgerais-activity-6573188634864869376-HEVZ\">https:\/\/www.linkedin.com\/posts\/senacminas_vagas-trabalheconosco-minasgerais-activity-6573188634864869376-HEVZ<\/a><\/p>\n<p>&nbsp;<\/p>\n","protected":false},"excerpt":{"rendered":"<p>&nbsp; O Senac est\u00e1 a contratar docentes para cursos de MBA no Sul de Minas. As vagas s\u00e3o para as seguintes as \u00e1reas de atua\u00e7\u00e3o: \u2800\u2800 \u2800\u2800\u2800\u2800\u2800\u2800\u2800 &#8211; Auditoria e Per\u00edcia Cont\u00e1bil; &#8211; Gest\u00e3o Empresarial; &#8211; Gest\u00e3o de Projetos; &#8211; Gest\u00e3o de Sa\u00fade; &#8211; Gest\u00e3o do Agroneg\u00f3cio; &#8211; Gest\u00e3o de Varejo Ominivarejo; &#8211; Gest\u00e3o Educacional; [&hellip;]<\/p>\n","protected":false},"author":7,"featured_media":248269,"comment_status":"closed","ping_status":"closed","sticky":false,"template":"","format":"standard","meta":{"advanced_seo_description":"","jetpack_seo_html_title":"","jetpack_seo_noindex":false,"_jetpack_memberships_contains_paid_content":false,"footnotes":""},"categories":[12,4],"tags":[467,466],"class_list":["post-248268","post","type-post","status-publish","format-standard","has-post-thumbnail","hentry","category-destaques-1","category-lavras","tag-automatico","tag-rascunho"],"jetpack_featured_media_url":"https:\/\/i0.wp.com\/www.lavras24horas.com.br\/portal\/wp-content\/uploads\/2019\/09\/sina_vagas_emprego.png?fit=775%2C413&ssl=1","jetpack_sharing_enabled":true,"jetpack_likes_enabled":true,"_links":{"self":[{"href":"https:\/\/www.lavras24horas.com.br\/portal\/wp-json\/wp\/v2\/posts\/248268","targetHints":{"allow":["GET"]}}],"collection":[{"href":"https:\/\/www.lavras24horas.com.br\/portal\/wp-json\/wp\/v2\/posts"}],"about":[{"href":"https:\/\/www.lavras24horas.com.br\/portal\/wp-json\/wp\/v2\/types\/post"}],"author":[{"embeddable":true,"href":"https:\/\/www.lavras24horas.com.br\/portal\/wp-json\/wp\/v2\/users\/7"}],"replies":[{"embeddable":true,"href":"https:\/\/www.lavras24horas.com.br\/portal\/wp-json\/wp\/v2\/comments?post=248268"}],"version-history":[{"count":1,"href":"https:\/\/www.lavras24horas.com.br\/portal\/wp-json\/wp\/v2\/posts\/248268\/revisions"}],"predecessor-version":[{"id":248270,"href":"https:\/\/www.lavras24horas.com.br\/portal\/wp-json\/wp\/v2\/posts\/248268\/revisions\/248270"}],"wp:featuredmedia":[{"embeddable":true,"href":"https:\/\/www.lavras24horas.com.br\/portal\/wp-json\/wp\/v2\/media\/248269"}],"wp:attachment":[{"href":"https:\/\/www.lavras24horas.com.br\/portal\/wp-json\/wp\/v2\/media?parent=248268"}],"wp:term":[{"taxonomy":"category","embeddable":true,"href":"https:\/\/www.lavras24horas.com.br\/portal\/wp-json\/wp\/v2\/categories?post=248268"},{"taxonomy":"post_tag","embeddable":true,"href":"https:\/\/www.lavras24horas.com.br\/portal\/wp-json\/wp\/v2\/tags?post=248268"}],"curies":[{"name":"wp","href":"https:\/\/api.w.org\/{rel}","templated":true}]}}