{"id":248265,"date":"2019-09-05T07:00:03","date_gmt":"2019-09-05T10:00:03","guid":{"rendered":"https:\/\/www.lavras24horas.com.br\/portal\/?p=248265"},"modified":"2019-09-04T14:15:31","modified_gmt":"2019-09-04T17:15:31","slug":"ima-realiza-ii-forum-estadual-contra-a-febre-aftosa-em-lavras","status":"publish","type":"post","link":"https:\/\/www.lavras24horas.com.br\/portal\/ima-realiza-ii-forum-estadual-contra-a-febre-aftosa-em-lavras\/","title":{"rendered":"IMA realiza II F\u00f3rum Estadual contra a\u00a0febre aftosa em Lavras"},"content":{"rendered":"<p style=\"font-weight: 400; text-align: justify;\">O\u00a0<a href=\"http:\/\/www.ima.mg.gov.br\/\">Instituto Mineiro de Agropecu\u00e1ria (IMA)<\/a>, vinculado\u00a0\u00e0\u00a0<a href=\"http:\/\/www.agricultura.mg.gov.br\/\">Secretaria de Estado de Agricultura, Pecu\u00e1ria e Abastecimento (Seapa)<\/a>, realiza hoje, dia 5, na Universidade Federal de Lavras (Ufla), o II F\u00f3rum Estadual &#8220;Estrat\u00e9gias para Retirada da Vacina\u00e7\u00e3o contra a Febre Aftosa&#8221;. O evento contar\u00e1 com a participa\u00e7\u00e3o de produtores rurais, representantes de diversas institui\u00e7\u00f5es envolvidas na cadeia produtiva do setor, m\u00e9dicos veterin\u00e1rios, pecuaristas, agroind\u00fastrias, al\u00e9m do com\u00e9rcio e prestadores de servi\u00e7o.<\/p>\n<p style=\"font-weight: 400; text-align: justify;\">O diretor-geral do IMA, Thales Fernandes, refor\u00e7a o engajamento da defesa agropecu\u00e1ria do estado nas a\u00e7\u00f5es em busca da mudan\u00e7a do status sanit\u00e1rio de Minas Gerais, de \u00e1rea livre de febre aftosa com vacina\u00e7\u00e3o, para \u00e1rea livre da doen\u00e7a sem vacina\u00e7\u00e3o, cumprindo, assim, determina\u00e7\u00f5es estabelecidas pelo Plano Nacional de Erradica\u00e7\u00e3o da Febre Aftosa (PNEFA) do Minist\u00e9rio da Agricultura, Pecu\u00e1ria e Abastecimento (Mapa). Ele lembra que, at\u00e9 a retirada, prevista para 2021, \u00e9 importante os produtores continuarem vacinando o rebanho.<\/p>\n<p style=\"font-weight: 400; text-align: justify;\">&#8220;Quando nosso estado alcan\u00e7ar o status de \u00e1rea livre de febre aftosa sem vacina\u00e7\u00e3o, em 2021, quem mais ganhar\u00e1 com o cen\u00e1rio ser\u00e1 o produtor rural mineiro, que n\u00e3o vai mais precisar vacinar, duas vezes por ano, cerca de 23 milh\u00f5es de bovinos e bubalinos, consequentemente n\u00e3o tendo esse gasto. Ganhar\u00e1 tamb\u00e9m o agroneg\u00f3cio mineiro, principalmente a pecu\u00e1ria, abrindo novos mercados, como China e Estados Unidos. Toda a cadeia produtiva ser\u00e1 beneficiada com a retirada da vacina\u00e7\u00e3o contra a febre aftosa, n\u00e3o apenas o mercado de carne bovina, como tamb\u00e9m os de su\u00ednos e de aves&#8221;, argumenta Thales Fernandes, informando que o IMA est\u00e1 alinhado com os sindicatos rurais, as associa\u00e7\u00f5es de criadores e a Faemg, aperfei\u00e7oando a capacidade do servi\u00e7o de defesa agropecu\u00e1ria\u00a0e\u00a0investindo no aparelhamento e infraestrutura.<\/p>\n<p style=\"font-weight: 400; text-align: justify;\"><strong>Produtores rurais<\/strong>\u00a0\u2013\u00a0A integra\u00e7\u00e3o de todos os envolvidos\u00a0na retirada da vacina\u00e7\u00e3o, \u00e9 outra pauta importante para alcan\u00e7ar o almejado status sanit\u00e1rio. Al\u00e9m da responsabilidade do Mapa e do IMA, os produtores rurais tamb\u00e9m precisam assumir a sua\u00a0parte\u00a0neste processo.\u00a0\u00a0Chefe de escrit\u00f3rio do IMA em Lavras, o m\u00e9dico veterin\u00e1rio Denis L\u00facio Cardoso comenta que tem conversado com os produtores rurais da regi\u00e3o, e revelou que eles est\u00e3o atentos \u00e0s recomenda\u00e7\u00f5es do IMA e do Mapa. &#8220;Trabalhamos muito no campo e ouvimos as necessidades e sugest\u00f5es dos produtores. A retirada da vacina\u00e7\u00e3o contra a febre aftosa ser\u00e1 um ganho para Minas&#8221;, relata.<\/p>\n<p style=\"font-weight: 400; text-align: justify;\"><strong>Palestra\u00a0<\/strong>\u2013\u00a0Denis L\u00facio Cardoso vai palestrar, para os produtores,\u00a0sobre o plano estrat\u00e9gico da retirada da vacina\u00e7\u00e3o contra a febre aftosa. &#8220;Vou apresentar os benef\u00edcios da retirada da vacina\u00e7\u00e3o contra a febre aftosa e explanar sobre o cen\u00e1rio do agroneg\u00f3cio em Minas e no Brasil. Al\u00e9m disso, vou refor\u00e7ar a necessidade de\u00a0os produtores\u00a0notificarem\u00a0o IMA sobre sinais de sintomas de doen\u00e7as em seus rebanhos&#8221;, informa.<\/p>\n<p style=\"font-weight: 400; text-align: justify;\"><strong>Mercado &#8211;<\/strong>\u00a0Minas Gerais possui o segundo maior rebanho nacional de bovinos, com cerca de 23 milh\u00f5es de animais. Em 2018, o estado ocupou o quarto lugar no ranking nacional das exporta\u00e7\u00f5es de carne bovina com US$ 604 milh\u00f5es, ou 9,2% do total nacional. A China \u00e9 o principal comprador do produto mineiro, com 59% do total das vendas externas.<\/p>\n<p style=\"font-weight: 400; text-align: justify;\">\n","protected":false},"excerpt":{"rendered":"<p>O\u00a0Instituto Mineiro de Agropecu\u00e1ria (IMA), vinculado\u00a0\u00e0\u00a0Secretaria de Estado de Agricultura, Pecu\u00e1ria e Abastecimento (Seapa), realiza hoje, dia 5, na Universidade Federal de Lavras (Ufla), o II F\u00f3rum Estadual &#8220;Estrat\u00e9gias para Retirada da Vacina\u00e7\u00e3o contra a Febre Aftosa&#8221;. O evento contar\u00e1 com a participa\u00e7\u00e3o de produtores rurais, representantes de diversas institui\u00e7\u00f5es envolvidas na cadeia produtiva do [&hellip;]<\/p>\n","protected":false},"author":7,"featured_media":248266,"comment_status":"closed","ping_status":"closed","sticky":false,"template":"","format":"standard","meta":{"advanced_seo_description":"","jetpack_seo_html_title":"","jetpack_seo_noindex":false,"_jetpack_memberships_contains_paid_content":false,"footnotes":""},"categories":[13077,4],"tags":[467,466],"class_list":["post-248265","post","type-post","status-publish","format-standard","has-post-thumbnail","hentry","category-laterais-2","category-lavras","tag-automatico","tag-rascunho"],"jetpack_featured_media_url":"https:\/\/i0.wp.com\/www.lavras24horas.com.br\/portal\/wp-content\/uploads\/2019\/09\/26115249958_70a259076c_k_190424_215055.jpg?fit=600%2C399&ssl=1","jetpack_sharing_enabled":true,"jetpack_likes_enabled":true,"_links":{"self":[{"href":"https:\/\/www.lavras24horas.com.br\/portal\/wp-json\/wp\/v2\/posts\/248265","targetHints":{"allow":["GET"]}}],"collection":[{"href":"https:\/\/www.lavras24horas.com.br\/portal\/wp-json\/wp\/v2\/posts"}],"about":[{"href":"https:\/\/www.lavras24horas.com.br\/portal\/wp-json\/wp\/v2\/types\/post"}],"author":[{"embeddable":true,"href":"https:\/\/www.lavras24horas.com.br\/portal\/wp-json\/wp\/v2\/users\/7"}],"replies":[{"embeddable":true,"href":"https:\/\/www.lavras24horas.com.br\/portal\/wp-json\/wp\/v2\/comments?post=248265"}],"version-history":[{"count":2,"href":"https:\/\/www.lavras24horas.com.br\/portal\/wp-json\/wp\/v2\/posts\/248265\/revisions"}],"predecessor-version":[{"id":248271,"href":"https:\/\/www.lavras24horas.com.br\/portal\/wp-json\/wp\/v2\/posts\/248265\/revisions\/248271"}],"wp:featuredmedia":[{"embeddable":true,"href":"https:\/\/www.lavras24horas.com.br\/portal\/wp-json\/wp\/v2\/media\/248266"}],"wp:attachment":[{"href":"https:\/\/www.lavras24horas.com.br\/portal\/wp-json\/wp\/v2\/media?parent=248265"}],"wp:term":[{"taxonomy":"category","embeddable":true,"href":"https:\/\/www.lavras24horas.com.br\/portal\/wp-json\/wp\/v2\/categories?post=248265"},{"taxonomy":"post_tag","embeddable":true,"href":"https:\/\/www.lavras24horas.com.br\/portal\/wp-json\/wp\/v2\/tags?post=248265"}],"curies":[{"name":"wp","href":"https:\/\/api.w.org\/{rel}","templated":true}]}}