{"id":248257,"date":"2019-09-04T13:52:54","date_gmt":"2019-09-04T16:52:54","guid":{"rendered":"https:\/\/www.lavras24horas.com.br\/portal\/?p=248257"},"modified":"2019-09-04T13:52:54","modified_gmt":"2019-09-04T16:52:54","slug":"festa-das-estrelas-acontecera-no-museu-de-historia-natural-da-ufla","status":"publish","type":"post","link":"https:\/\/www.lavras24horas.com.br\/portal\/festa-das-estrelas-acontecera-no-museu-de-historia-natural-da-ufla\/","title":{"rendered":"&#8216;Festa das estrelas&#8217; acontecer\u00e1 no Museu de Hist\u00f3ria Natural da UFLA"},"content":{"rendered":"<p>&nbsp;<\/p>\n<p>&nbsp;<\/p>\n<p style=\"text-align: justify;\">Neste s\u00e1bado (7\/9), iniciar\u00e1 um novo ciclo da \u201cFesta das estrelas\u201d, com o tema &#8220;Astronomia Cultural&#8221;. O evento ser\u00e1 \u00e0s 19h, no Museu de Hist\u00f3ria Natural da Universidade Federal de Lavras (MHN\/UFLA).<\/p>\n<p style=\"text-align: justify;\">Como nas edi\u00e7\u00f5es anteriores, ser\u00e3o ofertadas oficinas ao longo do segundo semestre de 2019 e os interessados poder\u00e3o fazer inscri\u00e7\u00f5es pelo SIG.<\/p>\n<p style=\"text-align: justify;\">Para marcar o in\u00edcio das atividades, o primeiro encontro ter\u00e1 como tema &#8220;Jaci, a Lua para os povos das Am\u00e9ricas: 50 anos ap\u00f3s a viagem do homem \u00e0 Lua\u201d.<\/p>\n<p style=\"text-align: justify;\">Todas oficinas ser\u00e3o ofertadas aos s\u00e1bados.<\/p>\n<p><img data-recalc-dims=\"1\" fetchpriority=\"high\" decoding=\"async\" data-attachment-id=\"248263\" data-permalink=\"https:\/\/www.lavras24horas.com.br\/portal\/festa-das-estrelas-acontecera-no-museu-de-historia-natural-da-ufla\/1c46b80f-54f9-4c15-bb4f-d26a1c884974_1\/\" data-orig-file=\"https:\/\/i0.wp.com\/www.lavras24horas.com.br\/portal\/wp-content\/uploads\/2019\/09\/1c46b80f-54f9-4c15-bb4f-d26a1c884974_1.jpg?fit=500%2C707&amp;ssl=1\" data-orig-size=\"500,707\" data-comments-opened=\"0\" data-image-meta=\"{&quot;aperture&quot;:&quot;0&quot;,&quot;credit&quot;:&quot;&quot;,&quot;camera&quot;:&quot;&quot;,&quot;caption&quot;:&quot;&quot;,&quot;created_timestamp&quot;:&quot;0&quot;,&quot;copyright&quot;:&quot;&quot;,&quot;focal_length&quot;:&quot;0&quot;,&quot;iso&quot;:&quot;0&quot;,&quot;shutter_speed&quot;:&quot;0&quot;,&quot;title&quot;:&quot;&quot;,&quot;orientation&quot;:&quot;0&quot;}\" data-image-title=\"1c46b80f-54f9-4c15-bb4f-d26a1c884974_1\" data-image-description=\"\" data-image-caption=\"\" data-large-file=\"https:\/\/i0.wp.com\/www.lavras24horas.com.br\/portal\/wp-content\/uploads\/2019\/09\/1c46b80f-54f9-4c15-bb4f-d26a1c884974_1.jpg?fit=233%2C330&amp;ssl=1\" class=\"aligncenter size-destaque wp-image-248263\" src=\"https:\/\/i0.wp.com\/www.lavras24horas.com.br\/portal\/wp-content\/uploads\/2019\/09\/1c46b80f-54f9-4c15-bb4f-d26a1c884974_1.jpg?resize=458%2C271&#038;ssl=1\" alt=\"\" width=\"458\" height=\"271\" \/><\/p>\n","protected":false},"excerpt":{"rendered":"<p>&nbsp; &nbsp; Neste s\u00e1bado (7\/9), iniciar\u00e1 um novo ciclo da \u201cFesta das estrelas\u201d, com o tema &#8220;Astronomia Cultural&#8221;. O evento ser\u00e1 \u00e0s 19h, no Museu de Hist\u00f3ria Natural da Universidade Federal de Lavras (MHN\/UFLA). Como nas edi\u00e7\u00f5es anteriores, ser\u00e3o ofertadas oficinas ao longo do segundo semestre de 2019 e os interessados poder\u00e3o fazer inscri\u00e7\u00f5es pelo [&hellip;]<\/p>\n","protected":false},"author":7,"featured_media":248259,"comment_status":"closed","ping_status":"closed","sticky":false,"template":"","format":"standard","meta":{"advanced_seo_description":"","jetpack_seo_html_title":"","jetpack_seo_noindex":false,"_jetpack_memberships_contains_paid_content":false,"footnotes":""},"categories":[14,4],"tags":[467,466],"class_list":["post-248257","post","type-post","status-publish","format-standard","has-post-thumbnail","hentry","category-destaques-2","category-lavras","tag-automatico","tag-rascunho"],"jetpack_featured_media_url":"https:\/\/i0.wp.com\/www.lavras24horas.com.br\/portal\/wp-content\/uploads\/2019\/09\/milky-way-1023340_1280.jpg?fit=500%2C333&ssl=1","jetpack_sharing_enabled":true,"jetpack_likes_enabled":true,"jetpack_shortlink":"https:\/\/wp.me\/p12djN-12A9","_links":{"self":[{"href":"https:\/\/www.lavras24horas.com.br\/portal\/wp-json\/wp\/v2\/posts\/248257","targetHints":{"allow":["GET"]}}],"collection":[{"href":"https:\/\/www.lavras24horas.com.br\/portal\/wp-json\/wp\/v2\/posts"}],"about":[{"href":"https:\/\/www.lavras24horas.com.br\/portal\/wp-json\/wp\/v2\/types\/post"}],"author":[{"embeddable":true,"href":"https:\/\/www.lavras24horas.com.br\/portal\/wp-json\/wp\/v2\/users\/7"}],"replies":[{"embeddable":true,"href":"https:\/\/www.lavras24horas.com.br\/portal\/wp-json\/wp\/v2\/comments?post=248257"}],"version-history":[{"count":1,"href":"https:\/\/www.lavras24horas.com.br\/portal\/wp-json\/wp\/v2\/posts\/248257\/revisions"}],"predecessor-version":[{"id":248264,"href":"https:\/\/www.lavras24horas.com.br\/portal\/wp-json\/wp\/v2\/posts\/248257\/revisions\/248264"}],"wp:featuredmedia":[{"embeddable":true,"href":"https:\/\/www.lavras24horas.com.br\/portal\/wp-json\/wp\/v2\/media\/248259"}],"wp:attachment":[{"href":"https:\/\/www.lavras24horas.com.br\/portal\/wp-json\/wp\/v2\/media?parent=248257"}],"wp:term":[{"taxonomy":"category","embeddable":true,"href":"https:\/\/www.lavras24horas.com.br\/portal\/wp-json\/wp\/v2\/categories?post=248257"},{"taxonomy":"post_tag","embeddable":true,"href":"https:\/\/www.lavras24horas.com.br\/portal\/wp-json\/wp\/v2\/tags?post=248257"}],"curies":[{"name":"wp","href":"https:\/\/api.w.org\/{rel}","templated":true}]}}