{"id":248253,"date":"2019-09-04T13:32:12","date_gmt":"2019-09-04T16:32:12","guid":{"rendered":"https:\/\/www.lavras24horas.com.br\/portal\/?p=248253"},"modified":"2019-09-04T13:32:12","modified_gmt":"2019-09-04T16:32:12","slug":"evento-de-vicentinos-reune-2-mil-pessoas-em-ginasio-de-lavras","status":"publish","type":"post","link":"https:\/\/www.lavras24horas.com.br\/portal\/evento-de-vicentinos-reune-2-mil-pessoas-em-ginasio-de-lavras\/","title":{"rendered":"Evento de vicentinos re\u00fane 2 mil pessoas em Gin\u00e1sio de Lavras"},"content":{"rendered":"<p>&nbsp;<\/p>\n<p>&nbsp;<\/p>\n<p style=\"text-align: justify;\">A Sociedade S\u00e3o Vicente de Paulo realizou no \u00faltimo domingo, dia 01\u00ba, o Terceiro Viver Vicentino. O evento aconteceu no Gin\u00e1sio do Lavras T\u00eanis Clube e contou com a presen\u00e7a de 2 mil pessoas, incluindo a do bispo de S\u00e3o Jo\u00e3o del-Rei, dom Jos\u00e9 Eudes Campos do Nascimento.<\/p>\n<p style=\"text-align: justify;\">O evento teve como tema \u201cUma Gera\u00e7\u00e3o para viver o amor e a paz\u201d e reuniu representantes de 40 cidades em que o Conselho Metropolitano dos Vicentinos, com sede em Barbacena, congrega.\u00a0Este foi o terceiro evento realizado, o primeiro foi em Barbacena, em 2015, em 2017 foi a vez de Caranda\u00ed e este ano, em<span class=\"text_exposed_show\">\u00a0Lavras.<\/span><\/p>\n<p style=\"text-align: justify;\">A programa\u00e7\u00e3o teve in\u00edcio com a palavra do presidente do Conselho Metropolitano, Carlos Batista, e ora\u00e7\u00f5es. Em seguida, houve a entrada do Relic\u00e1rio de S\u00e3o Vicente de Paulo, vindo do Conselho Central de Lavras.<\/p>\n<p style=\"text-align: justify;\">Dentre os momentos de reflex\u00e3o, foi abordado a tem\u00e1tica \u201cVicentino: uma gera\u00e7\u00e3o para viver amor e paz\u201d, assessorado por Wallace Lucas Silva Costa. Outro tema trabalhado foi\u00a0\u201cMestre e Senhores\u201d, conduzido por Ada Ferreira. A programa\u00e7\u00e3o contou com ainda com apresenta\u00e7\u00f5es musicais, teatro e\u00a0entrega do pr\u00eamios da Comiss\u00e3o de Jovens do Conselho Metropolitano.<\/p>\n<p style=\"text-align: justify;\"><span class=\"text_exposed_show\">O evento teve seu termino com a celebra\u00e7\u00e3o da Santa Missa, presidida por Dom Jos\u00e9 Eudes Nascimento e o an\u00fancio do\u00a0<\/span>4\u00ba Viver Vicentino, previsto para\u00a0<span class=\"text_exposed_show\">2021, na cidade de S\u00e3o Jo\u00e3o del-Rei.<\/span><\/p>\n<p>A Sociedade de S\u00e3o Vicente de Paulo (SSVP) \u00e9 uma organiza\u00e7\u00e3o formada por grupos de leigos cat\u00f3licos e volunt\u00e1rios que buscam ajudar os mais necessitados, promovendo a dignidade e integridade da pessoa, seguindo o exemplo do fundador e defensor da promo\u00e7\u00e3o humana, Antonio Frederico Ozanam.<\/p>\n<p>As confer\u00eancias vicentinas formam parte de uma comunidade de f\u00e9 que contempla o Cristo no rosto do pobre, executando um servi\u00e7o concreto e pr\u00e1tico, em coordena\u00e7\u00e3o e amizade uns com os outros.<\/p>\n<p>&nbsp;<\/p>\n<p>Fonte: DEDICON<\/p>\n","protected":false},"excerpt":{"rendered":"<p>&nbsp; &nbsp; A Sociedade S\u00e3o Vicente de Paulo realizou no \u00faltimo domingo, dia 01\u00ba, o Terceiro Viver Vicentino. O evento aconteceu no Gin\u00e1sio do Lavras T\u00eanis Clube e contou com a presen\u00e7a de 2 mil pessoas, incluindo a do bispo de S\u00e3o Jo\u00e3o del-Rei, dom Jos\u00e9 Eudes Campos do Nascimento. O evento teve como tema [&hellip;]<\/p>\n","protected":false},"author":7,"featured_media":248254,"comment_status":"closed","ping_status":"closed","sticky":false,"template":"","format":"standard","meta":{"advanced_seo_description":"","jetpack_seo_html_title":"","jetpack_seo_noindex":false,"_jetpack_memberships_contains_paid_content":false,"footnotes":""},"categories":[13,4],"tags":[467,466],"class_list":["post-248253","post","type-post","status-publish","format-standard","has-post-thumbnail","hentry","category-laterais-1","category-lavras","tag-automatico","tag-rascunho"],"jetpack_featured_media_url":"https:\/\/i0.wp.com\/www.lavras24horas.com.br\/portal\/wp-content\/uploads\/2019\/09\/CAPA-696x464.jpg?fit=500%2C333&ssl=1","jetpack_sharing_enabled":true,"jetpack_likes_enabled":true,"jetpack_shortlink":"https:\/\/wp.me\/p12djN-12A5","_links":{"self":[{"href":"https:\/\/www.lavras24horas.com.br\/portal\/wp-json\/wp\/v2\/posts\/248253","targetHints":{"allow":["GET"]}}],"collection":[{"href":"https:\/\/www.lavras24horas.com.br\/portal\/wp-json\/wp\/v2\/posts"}],"about":[{"href":"https:\/\/www.lavras24horas.com.br\/portal\/wp-json\/wp\/v2\/types\/post"}],"author":[{"embeddable":true,"href":"https:\/\/www.lavras24horas.com.br\/portal\/wp-json\/wp\/v2\/users\/7"}],"replies":[{"embeddable":true,"href":"https:\/\/www.lavras24horas.com.br\/portal\/wp-json\/wp\/v2\/comments?post=248253"}],"version-history":[{"count":1,"href":"https:\/\/www.lavras24horas.com.br\/portal\/wp-json\/wp\/v2\/posts\/248253\/revisions"}],"predecessor-version":[{"id":248255,"href":"https:\/\/www.lavras24horas.com.br\/portal\/wp-json\/wp\/v2\/posts\/248253\/revisions\/248255"}],"wp:featuredmedia":[{"embeddable":true,"href":"https:\/\/www.lavras24horas.com.br\/portal\/wp-json\/wp\/v2\/media\/248254"}],"wp:attachment":[{"href":"https:\/\/www.lavras24horas.com.br\/portal\/wp-json\/wp\/v2\/media?parent=248253"}],"wp:term":[{"taxonomy":"category","embeddable":true,"href":"https:\/\/www.lavras24horas.com.br\/portal\/wp-json\/wp\/v2\/categories?post=248253"},{"taxonomy":"post_tag","embeddable":true,"href":"https:\/\/www.lavras24horas.com.br\/portal\/wp-json\/wp\/v2\/tags?post=248253"}],"curies":[{"name":"wp","href":"https:\/\/api.w.org\/{rel}","templated":true}]}}