{"id":248248,"date":"2019-09-04T13:47:30","date_gmt":"2019-09-04T16:47:30","guid":{"rendered":"https:\/\/www.lavras24horas.com.br\/portal\/?p=248248"},"modified":"2019-09-05T08:55:54","modified_gmt":"2019-09-05T11:55:54","slug":"quinta-feira-05-09-2019","status":"publish","type":"post","link":"https:\/\/www.lavras24horas.com.br\/portal\/quinta-feira-05-09-2019\/","title":{"rendered":"Quinta-Feira (05\/09\/2019)"},"content":{"rendered":"<p><strong><em>Nome: LUIZ AILTON DE CASTRO \u00a0\u00a0\u00a0\u00a0\u00a0\u00a0\u00a0\u00a0\u00a0\u00a0\u00a0\u00a0\u00a0\u00a0\u00a0\u00a0<\/em><\/strong><\/p>\n<p><em>Velado na Rua Comandante Miranda,248 <\/em><\/p>\n<p><em>Bairro: Jardim Floresta <\/em><\/p>\n<p><em>Sepultamento dia 05\/09\/2019 \u00e0s 09h<\/em><\/p>\n<p><em>Cemit\u00e9rio Paroquial Saudade <\/em><\/p>\n<p><em>Fonte: Administra\u00e7\u00e3o dos Cemit\u00e9rios<\/em><\/p>\n<p><strong><em>Nome: ROBERTO AQUINO\u00a0<\/em><\/strong><\/p>\n<p><em>Velado na capela 03 do Vel\u00f3rio S\u00e3o Jo\u00e3o Batista <\/em><\/p>\n<p><em>Sepultamento dia 05\/09\/2019 \u00e0s 15h<\/em><\/p>\n<p><em>Cemit\u00e9rio Paroquial Saudade<\/em><\/p>\n<p><em>Fonte: Administra\u00e7\u00e3o dos Cemit\u00e9rios<\/em><\/p>\n<p><strong><em>Nome: ROS\u00c2NGELA DE PAULA J\u00daLIO\u00a0<\/em><\/strong><\/p>\n<p><em>Velada no Vel\u00f3rio Sagrada Fam\u00edlia<\/em><\/p>\n<p><em>Sepultamento dia 05\/09\/2019 \u00e0s 16h<\/em><\/p>\n<p><em>Cemit\u00e9rio Paroquial Saudade<\/em><\/p>\n<p><em>Fonte: Administra\u00e7\u00e3o dos Cemit\u00e9rios<\/em><\/p>\n","protected":false},"excerpt":{"rendered":"<p>Nome: LUIZ AILTON DE CASTRO \u00a0\u00a0\u00a0\u00a0\u00a0\u00a0\u00a0\u00a0\u00a0\u00a0\u00a0\u00a0\u00a0\u00a0\u00a0\u00a0 Velado na Rua Comandante Miranda,248 Bairro: Jardim Floresta Sepultamento dia 05\/09\/2019 \u00e0s 09h Cemit\u00e9rio Paroquial Saudade Fonte: Administra\u00e7\u00e3o dos Cemit\u00e9rios Nome: ROBERTO AQUINO\u00a0 Velado na capela 03 do Vel\u00f3rio S\u00e3o Jo\u00e3o Batista Sepultamento dia 05\/09\/2019 \u00e0s 15h Cemit\u00e9rio Paroquial Saudade Fonte: Administra\u00e7\u00e3o dos Cemit\u00e9rios Nome: ROS\u00c2NGELA DE PAULA J\u00daLIO\u00a0 [&hellip;]<\/p>\n","protected":false},"author":7,"featured_media":0,"comment_status":"closed","ping_status":"closed","sticky":false,"template":"","format":"standard","meta":{"advanced_seo_description":"","jetpack_seo_html_title":"","jetpack_seo_noindex":false,"_jetpack_memberships_contains_paid_content":false,"footnotes":""},"categories":[1495],"tags":[467,466],"class_list":["post-248248","post","type-post","status-publish","format-standard","hentry","category-obituario-2","tag-automatico","tag-rascunho"],"jetpack_featured_media_url":"","jetpack_sharing_enabled":true,"jetpack_likes_enabled":true,"jetpack_shortlink":"https:\/\/wp.me\/p12djN-12A0","_links":{"self":[{"href":"https:\/\/www.lavras24horas.com.br\/portal\/wp-json\/wp\/v2\/posts\/248248","targetHints":{"allow":["GET"]}}],"collection":[{"href":"https:\/\/www.lavras24horas.com.br\/portal\/wp-json\/wp\/v2\/posts"}],"about":[{"href":"https:\/\/www.lavras24horas.com.br\/portal\/wp-json\/wp\/v2\/types\/post"}],"author":[{"embeddable":true,"href":"https:\/\/www.lavras24horas.com.br\/portal\/wp-json\/wp\/v2\/users\/7"}],"replies":[{"embeddable":true,"href":"https:\/\/www.lavras24horas.com.br\/portal\/wp-json\/wp\/v2\/comments?post=248248"}],"version-history":[{"count":7,"href":"https:\/\/www.lavras24horas.com.br\/portal\/wp-json\/wp\/v2\/posts\/248248\/revisions"}],"predecessor-version":[{"id":248284,"href":"https:\/\/www.lavras24horas.com.br\/portal\/wp-json\/wp\/v2\/posts\/248248\/revisions\/248284"}],"wp:attachment":[{"href":"https:\/\/www.lavras24horas.com.br\/portal\/wp-json\/wp\/v2\/media?parent=248248"}],"wp:term":[{"taxonomy":"category","embeddable":true,"href":"https:\/\/www.lavras24horas.com.br\/portal\/wp-json\/wp\/v2\/categories?post=248248"},{"taxonomy":"post_tag","embeddable":true,"href":"https:\/\/www.lavras24horas.com.br\/portal\/wp-json\/wp\/v2\/tags?post=248248"}],"curies":[{"name":"wp","href":"https:\/\/api.w.org\/{rel}","templated":true}]}}