{"id":248240,"date":"2019-09-04T13:11:42","date_gmt":"2019-09-04T16:11:42","guid":{"rendered":"https:\/\/www.lavras24horas.com.br\/portal\/?p=248240"},"modified":"2019-09-04T13:15:57","modified_gmt":"2019-09-04T16:15:57","slug":"policia-realiza-operacao-para-coibir-pratica-de-vandalismo-em-lavras","status":"publish","type":"post","link":"https:\/\/www.lavras24horas.com.br\/portal\/policia-realiza-operacao-para-coibir-pratica-de-vandalismo-em-lavras\/","title":{"rendered":"Pol\u00edcia realiza opera\u00e7\u00e3o para coibir pr\u00e1tica de vandalismo em Lavras"},"content":{"rendered":"<p>&nbsp;<\/p>\n<p>&nbsp;<\/p>\n<p style=\"text-align: justify;\">Na manh\u00e3 desta quarta-feira, dia 4, os investigadores da\u00a0 1\u00aa Delegacia de Regional de Pol\u00edcia Civil e a Pol\u00edcia Militar deram cumprimento oito mandados de busca e apreens\u00e3o expedidos em desfavor de indiv\u00edduos que, atrav\u00e9s de picha\u00e7\u00f5es, t\u00eam danificado continuadamente o patrim\u00f4nio p\u00fablico, situa\u00e7\u00e3o esta que vem causando evidente ofensa ao meio ambiente, \u00e0 coisa p\u00fablica e aos direitos coletivos, neles considerados os bens e direitos de valor art\u00edstico, est\u00e9tico, hist\u00f3rico, tur\u00edstico e paisag\u00edstico.<\/p>\n<p><img data-recalc-dims=\"1\" fetchpriority=\"high\" decoding=\"async\" data-attachment-id=\"248244\" data-permalink=\"https:\/\/www.lavras24horas.com.br\/portal\/policia-realiza-operacao-para-coibir-pratica-de-vandalismo-em-lavras\/d11954b6-20de-400f-9535-bc36766fbdc2-copia\/\" data-orig-file=\"https:\/\/i0.wp.com\/www.lavras24horas.com.br\/portal\/wp-content\/uploads\/2019\/09\/d11954b6-20de-400f-9535-bc36766fbdc2-Copia.jpg?fit=500%2C666&amp;ssl=1\" data-orig-size=\"500,666\" data-comments-opened=\"0\" data-image-meta=\"{&quot;aperture&quot;:&quot;0&quot;,&quot;credit&quot;:&quot;&quot;,&quot;camera&quot;:&quot;&quot;,&quot;caption&quot;:&quot;&quot;,&quot;created_timestamp&quot;:&quot;0&quot;,&quot;copyright&quot;:&quot;&quot;,&quot;focal_length&quot;:&quot;0&quot;,&quot;iso&quot;:&quot;0&quot;,&quot;shutter_speed&quot;:&quot;0&quot;,&quot;title&quot;:&quot;&quot;,&quot;orientation&quot;:&quot;0&quot;}\" data-image-title=\"d11954b6-20de-400f-9535-bc36766fbdc2 &amp;#8211; C\u00f3pia\" data-image-description=\"\" data-image-caption=\"\" data-large-file=\"https:\/\/i0.wp.com\/www.lavras24horas.com.br\/portal\/wp-content\/uploads\/2019\/09\/d11954b6-20de-400f-9535-bc36766fbdc2-Copia.jpg?fit=248%2C330&amp;ssl=1\" class=\"aligncenter wp-image-248244 size-full\" src=\"https:\/\/i0.wp.com\/www.lavras24horas.com.br\/portal\/wp-content\/uploads\/2019\/09\/d11954b6-20de-400f-9535-bc36766fbdc2-Copia.jpg?resize=500%2C666&#038;ssl=1\" alt=\"\" width=\"500\" height=\"666\" srcset=\"https:\/\/i0.wp.com\/www.lavras24horas.com.br\/portal\/wp-content\/uploads\/2019\/09\/d11954b6-20de-400f-9535-bc36766fbdc2-Copia.jpg?w=500&amp;ssl=1 500w, https:\/\/i0.wp.com\/www.lavras24horas.com.br\/portal\/wp-content\/uploads\/2019\/09\/d11954b6-20de-400f-9535-bc36766fbdc2-Copia.jpg?resize=248%2C330&amp;ssl=1 248w\" sizes=\"(max-width: 500px) 100vw, 500px\" \/><\/p>\n<p style=\"text-align: justify;\">Na ocasi\u00e3o, foram apreendidos computadores e aparelhos celulares dos investigados, al\u00e9m de materiais e apetrechos utilizados para picha\u00e7\u00e3o, como tamb\u00e9m foi poss\u00edvel angariar informa\u00e7\u00f5es contundentes acerca da participa\u00e7\u00e3o dos suspeitos em tais pr\u00e1ticas criminosas, os quais estariam previamente organizados com o prop\u00f3sito de cometerem picha\u00e7\u00f5es e demais atos de vandalismo neste munic\u00edpio.<\/p>\n<p style=\"text-align: justify;\">Em um dos alvos os policiais apreenderam uma muni\u00e7\u00e3o de arma de fogo de uso restrito e uma pequena fra\u00e7\u00e3o de maconha, raz\u00e3o pela qual tal indiv\u00edduo foi preso em flagrante delito pelos crimes de posse ilegal de muni\u00e7\u00e3o de uso restrito e uso e consumo de droga.<\/p>\n<p style=\"text-align: justify;\"><img data-recalc-dims=\"1\" decoding=\"async\" data-attachment-id=\"248245\" data-permalink=\"https:\/\/www.lavras24horas.com.br\/portal\/policia-realiza-operacao-para-coibir-pratica-de-vandalismo-em-lavras\/130c478d-39e1-41be-ba74-55cf5b48b9ca-copia\/\" data-orig-file=\"https:\/\/i0.wp.com\/www.lavras24horas.com.br\/portal\/wp-content\/uploads\/2019\/09\/130c478d-39e1-41be-ba74-55cf5b48b9ca-Copia.jpg?fit=600%2C800&amp;ssl=1\" data-orig-size=\"600,800\" data-comments-opened=\"0\" data-image-meta=\"{&quot;aperture&quot;:&quot;0&quot;,&quot;credit&quot;:&quot;&quot;,&quot;camera&quot;:&quot;&quot;,&quot;caption&quot;:&quot;&quot;,&quot;created_timestamp&quot;:&quot;0&quot;,&quot;copyright&quot;:&quot;&quot;,&quot;focal_length&quot;:&quot;0&quot;,&quot;iso&quot;:&quot;0&quot;,&quot;shutter_speed&quot;:&quot;0&quot;,&quot;title&quot;:&quot;&quot;,&quot;orientation&quot;:&quot;0&quot;}\" data-image-title=\"130c478d-39e1-41be-ba74-55cf5b48b9ca &amp;#8211; C\u00f3pia\" data-image-description=\"\" data-image-caption=\"\" data-large-file=\"https:\/\/i0.wp.com\/www.lavras24horas.com.br\/portal\/wp-content\/uploads\/2019\/09\/130c478d-39e1-41be-ba74-55cf5b48b9ca-Copia.jpg?fit=248%2C330&amp;ssl=1\" class=\"aligncenter wp-image-248245 size-full lazyload\" data-src=\"https:\/\/i0.wp.com\/www.lavras24horas.com.br\/portal\/wp-content\/uploads\/2019\/09\/130c478d-39e1-41be-ba74-55cf5b48b9ca-Copia.jpg?resize=600%2C800&#038;ssl=1\" alt=\"\" width=\"600\" height=\"800\" data-srcset=\"https:\/\/i0.wp.com\/www.lavras24horas.com.br\/portal\/wp-content\/uploads\/2019\/09\/130c478d-39e1-41be-ba74-55cf5b48b9ca-Copia.jpg?w=600&amp;ssl=1 600w, https:\/\/i0.wp.com\/www.lavras24horas.com.br\/portal\/wp-content\/uploads\/2019\/09\/130c478d-39e1-41be-ba74-55cf5b48b9ca-Copia.jpg?resize=248%2C330&amp;ssl=1 248w\" data-sizes=\"(max-width: 600px) 100vw, 600px\" src=\"data:image\/svg+xml;base64,PHN2ZyB3aWR0aD0iMSIgaGVpZ2h0PSIxIiB4bWxucz0iaHR0cDovL3d3dy53My5vcmcvMjAwMC9zdmciPjwvc3ZnPg==\" style=\"--smush-placeholder-width: 600px; --smush-placeholder-aspect-ratio: 600\/800;\" \/><\/p>\n<p style=\"text-align: justify;\">\n<p style=\"text-align: justify;\">Em outros dois alvos, foram apreendidas pequenas fra\u00e7\u00f5es de maconha, evidenciando que serviriam para consumo pr\u00f3prio.<\/p>\n<p style=\"text-align: justify;\">De acordo com o Delegado Leandro de Prada Macedo Costa, respons\u00e1vel pelas investiga\u00e7\u00f5es, o inqu\u00e9rito policial ser\u00e1 finalizado nos pr\u00f3ximos dias e, pelos elementos coletados, os suspeitos dever\u00e3o ser indiciados pelas pr\u00e1ticas dos crimes de dano ao patrim\u00f4nio p\u00fablico (art. 163, Par\u00e1grafo \u00danico, Inciso III, CP) e associa\u00e7\u00e3o criminosa (art. 288, caput, CP), al\u00e9m do crime ambiental definido no art. 65 da Lei 9.605\/98.<\/p>\n<p>&nbsp;<\/p>\n","protected":false},"excerpt":{"rendered":"<p>&nbsp; &nbsp; Na manh\u00e3 desta quarta-feira, dia 4, os investigadores da\u00a0 1\u00aa Delegacia de Regional de Pol\u00edcia Civil e a Pol\u00edcia Militar deram cumprimento oito mandados de busca e apreens\u00e3o expedidos em desfavor de indiv\u00edduos que, atrav\u00e9s de picha\u00e7\u00f5es, t\u00eam danificado continuadamente o patrim\u00f4nio p\u00fablico, situa\u00e7\u00e3o esta que vem causando evidente ofensa ao meio ambiente, [&hellip;]<\/p>\n","protected":false},"author":7,"featured_media":248241,"comment_status":"closed","ping_status":"closed","sticky":false,"template":"","format":"standard","meta":{"advanced_seo_description":"","jetpack_seo_html_title":"","jetpack_seo_noindex":false,"_jetpack_memberships_contains_paid_content":false,"footnotes":""},"categories":[13077,4],"tags":[467,466],"class_list":["post-248240","post","type-post","status-publish","format-standard","has-post-thumbnail","hentry","category-laterais-2","category-lavras","tag-automatico","tag-rascunho"],"jetpack_featured_media_url":"https:\/\/i0.wp.com\/www.lavras24horas.com.br\/portal\/wp-content\/uploads\/2019\/09\/2c88a3c1-0960-49eb-b655-fa7fb3e4d102-1.jpg?fit=600%2C291&ssl=1","jetpack_sharing_enabled":true,"jetpack_likes_enabled":true,"jetpack_shortlink":"https:\/\/wp.me\/p12djN-12zS","_links":{"self":[{"href":"https:\/\/www.lavras24horas.com.br\/portal\/wp-json\/wp\/v2\/posts\/248240","targetHints":{"allow":["GET"]}}],"collection":[{"href":"https:\/\/www.lavras24horas.com.br\/portal\/wp-json\/wp\/v2\/posts"}],"about":[{"href":"https:\/\/www.lavras24horas.com.br\/portal\/wp-json\/wp\/v2\/types\/post"}],"author":[{"embeddable":true,"href":"https:\/\/www.lavras24horas.com.br\/portal\/wp-json\/wp\/v2\/users\/7"}],"replies":[{"embeddable":true,"href":"https:\/\/www.lavras24horas.com.br\/portal\/wp-json\/wp\/v2\/comments?post=248240"}],"version-history":[{"count":3,"href":"https:\/\/www.lavras24horas.com.br\/portal\/wp-json\/wp\/v2\/posts\/248240\/revisions"}],"predecessor-version":[{"id":248247,"href":"https:\/\/www.lavras24horas.com.br\/portal\/wp-json\/wp\/v2\/posts\/248240\/revisions\/248247"}],"wp:featuredmedia":[{"embeddable":true,"href":"https:\/\/www.lavras24horas.com.br\/portal\/wp-json\/wp\/v2\/media\/248241"}],"wp:attachment":[{"href":"https:\/\/www.lavras24horas.com.br\/portal\/wp-json\/wp\/v2\/media?parent=248240"}],"wp:term":[{"taxonomy":"category","embeddable":true,"href":"https:\/\/www.lavras24horas.com.br\/portal\/wp-json\/wp\/v2\/categories?post=248240"},{"taxonomy":"post_tag","embeddable":true,"href":"https:\/\/www.lavras24horas.com.br\/portal\/wp-json\/wp\/v2\/tags?post=248240"}],"curies":[{"name":"wp","href":"https:\/\/api.w.org\/{rel}","templated":true}]}}