{"id":248218,"date":"2019-09-04T07:00:48","date_gmt":"2019-09-04T10:00:48","guid":{"rendered":"https:\/\/www.lavras24horas.com.br\/portal\/?p=248218"},"modified":"2019-09-03T13:17:43","modified_gmt":"2019-09-03T16:17:43","slug":"ipes-coloridos-dao-vida-a-paisagem-lavrense","status":"publish","type":"post","link":"https:\/\/www.lavras24horas.com.br\/portal\/ipes-coloridos-dao-vida-a-paisagem-lavrense\/","title":{"rendered":"Ip\u00eas coloridos d\u00e3o vida \u00e0 paisagem lavrense \u00a0\u00a0"},"content":{"rendered":"<p>&nbsp;<\/p>\n<p style=\"text-align: justify;\">Os lavrenses passaram a conviver nas \u00faltimas semanas com o colorida e a beleza dos ip\u00eas.<\/p>\n<p style=\"text-align: justify;\">Apesar da grande variedade de esp\u00e9cies, o tradicional ip\u00ea-amarelo-da-serra (Tabebuia Alba) \u00e9 o que predomina na paisagem. Um deles pode ser conferido na avenida Cel. Juventino Dias Teixeira, Bairro Jardim Gloria.<\/p>\n<figure id=\"attachment_248220\" aria-describedby=\"caption-attachment-248220\" style=\"width: 541px\" class=\"wp-caption aligncenter\"><img data-recalc-dims=\"1\" fetchpriority=\"high\" decoding=\"async\" data-attachment-id=\"248220\" data-permalink=\"https:\/\/www.lavras24horas.com.br\/portal\/ipes-coloridos-dao-vida-a-paisagem-lavrense\/69013092_2579506258740014_5352355362005581824_n-copia\/\" data-orig-file=\"https:\/\/i0.wp.com\/www.lavras24horas.com.br\/portal\/wp-content\/uploads\/2019\/09\/69013092_2579506258740014_5352355362005581824_n-Copia.jpg?fit=541%2C960&amp;ssl=1\" data-orig-size=\"541,960\" data-comments-opened=\"0\" data-image-meta=\"{&quot;aperture&quot;:&quot;0&quot;,&quot;credit&quot;:&quot;&quot;,&quot;camera&quot;:&quot;&quot;,&quot;caption&quot;:&quot;&quot;,&quot;created_timestamp&quot;:&quot;0&quot;,&quot;copyright&quot;:&quot;&quot;,&quot;focal_length&quot;:&quot;0&quot;,&quot;iso&quot;:&quot;0&quot;,&quot;shutter_speed&quot;:&quot;0&quot;,&quot;title&quot;:&quot;&quot;,&quot;orientation&quot;:&quot;0&quot;}\" data-image-title=\"69013092_2579506258740014_5352355362005581824_n &amp;#8211; C\u00f3pia\" data-image-description=\"\" data-image-caption=\"&lt;p&gt;Ip\u00ea amarelo na avenida Cel. Juventino Dias Teixeira, Bairro Jardim. Gloria,&lt;\/p&gt;\n\" data-large-file=\"https:\/\/i0.wp.com\/www.lavras24horas.com.br\/portal\/wp-content\/uploads\/2019\/09\/69013092_2579506258740014_5352355362005581824_n-Copia.jpg?fit=186%2C330&amp;ssl=1\" class=\"wp-image-248220 size-full\" src=\"https:\/\/i0.wp.com\/www.lavras24horas.com.br\/portal\/wp-content\/uploads\/2019\/09\/69013092_2579506258740014_5352355362005581824_n-Copia.jpg?resize=541%2C960&#038;ssl=1\" alt=\"\" width=\"541\" height=\"960\" srcset=\"https:\/\/i0.wp.com\/www.lavras24horas.com.br\/portal\/wp-content\/uploads\/2019\/09\/69013092_2579506258740014_5352355362005581824_n-Copia.jpg?w=541&amp;ssl=1 541w, https:\/\/i0.wp.com\/www.lavras24horas.com.br\/portal\/wp-content\/uploads\/2019\/09\/69013092_2579506258740014_5352355362005581824_n-Copia.jpg?resize=186%2C330&amp;ssl=1 186w\" sizes=\"(max-width: 541px) 100vw, 541px\" \/><figcaption id=\"caption-attachment-248220\" class=\"wp-caption-text\">Ip\u00ea amarelo na avenida Cel. Juventino Dias Teixeira, Bairro Jardim. Gloria,<\/figcaption><\/figure>\n<p style=\"text-align: justify;\">O ip\u00ea da cor branca pode ser encontrado na esquina da rua desembargador Sabino Lustosa e Avenida Leon Jofre Avayou. A frase \u201cLavras Terra dos Ip\u00eas e das Escolas\u201d foi cunhada pelo jornalista Jorge Duarte, em 1941.<\/p>\n<p>&nbsp;<\/p>\n<p>&nbsp;<\/p>\n<p>&nbsp;<\/p>\n","protected":false},"excerpt":{"rendered":"<p>&nbsp; Os lavrenses passaram a conviver nas \u00faltimas semanas com o colorida e a beleza dos ip\u00eas. Apesar da grande variedade de esp\u00e9cies, o tradicional ip\u00ea-amarelo-da-serra (Tabebuia Alba) \u00e9 o que predomina na paisagem. Um deles pode ser conferido na avenida Cel. Juventino Dias Teixeira, Bairro Jardim Gloria. O ip\u00ea da cor branca pode ser [&hellip;]<\/p>\n","protected":false},"author":7,"featured_media":248219,"comment_status":"closed","ping_status":"closed","sticky":false,"template":"","format":"standard","meta":{"advanced_seo_description":"","jetpack_seo_html_title":"","jetpack_seo_noindex":false,"_jetpack_memberships_contains_paid_content":false,"footnotes":""},"categories":[13077,4],"tags":[467,466],"class_list":["post-248218","post","type-post","status-publish","format-standard","has-post-thumbnail","hentry","category-laterais-2","category-lavras","tag-automatico","tag-rascunho"],"jetpack_featured_media_url":"https:\/\/i0.wp.com\/www.lavras24horas.com.br\/portal\/wp-content\/uploads\/2019\/09\/70265601_2604404496250190_5349783501228998656_o-Copia.jpg?fit=500%2C281&ssl=1","jetpack_sharing_enabled":true,"jetpack_likes_enabled":true,"jetpack_shortlink":"https:\/\/wp.me\/p12djN-12zw","_links":{"self":[{"href":"https:\/\/www.lavras24horas.com.br\/portal\/wp-json\/wp\/v2\/posts\/248218","targetHints":{"allow":["GET"]}}],"collection":[{"href":"https:\/\/www.lavras24horas.com.br\/portal\/wp-json\/wp\/v2\/posts"}],"about":[{"href":"https:\/\/www.lavras24horas.com.br\/portal\/wp-json\/wp\/v2\/types\/post"}],"author":[{"embeddable":true,"href":"https:\/\/www.lavras24horas.com.br\/portal\/wp-json\/wp\/v2\/users\/7"}],"replies":[{"embeddable":true,"href":"https:\/\/www.lavras24horas.com.br\/portal\/wp-json\/wp\/v2\/comments?post=248218"}],"version-history":[{"count":2,"href":"https:\/\/www.lavras24horas.com.br\/portal\/wp-json\/wp\/v2\/posts\/248218\/revisions"}],"predecessor-version":[{"id":248222,"href":"https:\/\/www.lavras24horas.com.br\/portal\/wp-json\/wp\/v2\/posts\/248218\/revisions\/248222"}],"wp:featuredmedia":[{"embeddable":true,"href":"https:\/\/www.lavras24horas.com.br\/portal\/wp-json\/wp\/v2\/media\/248219"}],"wp:attachment":[{"href":"https:\/\/www.lavras24horas.com.br\/portal\/wp-json\/wp\/v2\/media?parent=248218"}],"wp:term":[{"taxonomy":"category","embeddable":true,"href":"https:\/\/www.lavras24horas.com.br\/portal\/wp-json\/wp\/v2\/categories?post=248218"},{"taxonomy":"post_tag","embeddable":true,"href":"https:\/\/www.lavras24horas.com.br\/portal\/wp-json\/wp\/v2\/tags?post=248218"}],"curies":[{"name":"wp","href":"https:\/\/api.w.org\/{rel}","templated":true}]}}