{"id":248189,"date":"2019-09-02T15:38:09","date_gmt":"2019-09-02T18:38:09","guid":{"rendered":"https:\/\/www.lavras24horas.com.br\/portal\/?p=248189"},"modified":"2019-09-02T15:38:09","modified_gmt":"2019-09-02T18:38:09","slug":"aniversario-ufla-abertura-oficial-da-semana-de-ciencia-cultura-e-arte","status":"publish","type":"post","link":"https:\/\/www.lavras24horas.com.br\/portal\/aniversario-ufla-abertura-oficial-da-semana-de-ciencia-cultura-e-arte\/","title":{"rendered":"Anivers\u00e1rio UFLA: abertura oficial da Semana de Ci\u00eancia, Cultura e Arte"},"content":{"rendered":"<p>&nbsp;<\/p>\n<p>&nbsp;<\/p>\n<p style=\"text-align: justify;\">Para iniciar a comemora\u00e7\u00e3o dos 111 anos da Universidade Federal de Lavras (UFLA), na manh\u00e3 desta segunda-feira (2\/9), ocorreu a cerim\u00f4nia de abertura da Semana de Ci\u00eancia, Cultura e Arte. Com a presen\u00e7a de docentes, t\u00e9cnicos, terceirizados, estudantes da UFLA, al\u00e9m do diretor do Instituto Presbiteriano Gammon, professor Alisson Massote Carvalho, o reitor da UFLA, professor Jos\u00e9 Roberto Scolforo, enfatizou o comprometimento de toda a equipe da Universidade, agradecendo a todos que contribuem para o fortalecimento e crescimento da Institui\u00e7\u00e3o.<\/p>\n<p style=\"text-align: justify;\">A cerim\u00f4nia teve in\u00edcio com o hasteamento das Bandeiras, realizado pelo reitor da UFLA; pelo diretor do Instituto Presbiteriano Gammon; a docente da UFLA Maria das Gra\u00e7as Cardoso, e a servidora e ex-aluna da UFLA Isadora Nascimento Della S\u00e1via Braga. O Hino Nacional Brasileiro contou com os acordes da Banda\u00a0do 8\u00ba\u00a0Batalh\u00e3o\u00a0da Pol\u00edcia Militar de Lavras.<\/p>\n<p style=\"text-align: justify;\">Na ocasi\u00e3o, o diretor do Instituto Presbiteriano Gammon destacou a import\u00e2ncia de se valorizar as origens da UFLA. \u201cFica aqui um desafio: que as duas institui\u00e7\u00f5es nunca percam os seus prop\u00f3sitos\u201d. Alisson tamb\u00e9m agradeceu a homenagem da UFLA aos 150 anos do Gammon, por meio de um v\u00eddeo e a exposi\u00e7\u00e3o Olhares UFLA 111 anos.<\/p>\n<p style=\"text-align: justify;\">A vice-reitora, professora \u00c9dila Vilela de Resende Von Pinho, tamb\u00e9m enfatizou a hist\u00f3ria da UFLA e destacou a presen\u00e7a de pessoas ousadas em toda a trajet\u00f3ria da institui\u00e7\u00e3o, que vislumbraram no passado a capacidade da UFLA tornar-se uma pot\u00eancia. \u201cO que a UFLA tem de diferente s\u00e3o as pessoas. E, neste momento, o meu sentimento \u00e9 sempre de gratid\u00e3o\u201d.<\/p>\n<p style=\"text-align: justify;\">Posteriormente, o reitor agradeceu ao trabalho de todos os servidores e terceirizados da UFLA para com a sociedade e a expans\u00e3o da institui\u00e7\u00e3o nos \u00faltimos 12 anos. \u201cTriplicamos a UFLA em todos os sentidos. E n\u00e3o \u00e9 apenas o reitor que \u00e9 respons\u00e1vel por essa conquista, mas, sim, toda a comunidade. Pois, somos um time. Tudo isso \u00e9 gra\u00e7as a uma equipe comprometida com a institui\u00e7\u00e3o\u201d.<\/p>\n<p style=\"text-align: justify;\">Para finalizar a manh\u00e3, foi realizado um culto ecum\u00eanico em a\u00e7\u00e3o de gra\u00e7as aos 111 anos de exist\u00eancia da UFLA\/ESAL, com a participa\u00e7\u00e3o do Coral Vozes do C\u00e2mpus\u00a0e da Orquestra de C\u00e2mara da UFLA.<\/p>\n","protected":false},"excerpt":{"rendered":"<p>&nbsp; &nbsp; Para iniciar a comemora\u00e7\u00e3o dos 111 anos da Universidade Federal de Lavras (UFLA), na manh\u00e3 desta segunda-feira (2\/9), ocorreu a cerim\u00f4nia de abertura da Semana de Ci\u00eancia, Cultura e Arte. Com a presen\u00e7a de docentes, t\u00e9cnicos, terceirizados, estudantes da UFLA, al\u00e9m do diretor do Instituto Presbiteriano Gammon, professor Alisson Massote Carvalho, o reitor [&hellip;]<\/p>\n","protected":false},"author":7,"featured_media":248190,"comment_status":"closed","ping_status":"closed","sticky":false,"template":"","format":"standard","meta":{"advanced_seo_description":"","jetpack_seo_html_title":"","jetpack_seo_noindex":false,"_jetpack_memberships_contains_paid_content":false,"footnotes":""},"categories":[13],"tags":[467,466],"class_list":["post-248189","post","type-post","status-publish","format-standard","has-post-thumbnail","hentry","category-laterais-1","tag-automatico","tag-rascunho"],"jetpack_featured_media_url":"https:\/\/i0.wp.com\/www.lavras24horas.com.br\/portal\/wp-content\/uploads\/2019\/09\/IMG_2499.jpg?fit=500%2C333&ssl=1","jetpack_sharing_enabled":true,"jetpack_likes_enabled":true,"jetpack_shortlink":"https:\/\/wp.me\/p12djN-12z3","_links":{"self":[{"href":"https:\/\/www.lavras24horas.com.br\/portal\/wp-json\/wp\/v2\/posts\/248189","targetHints":{"allow":["GET"]}}],"collection":[{"href":"https:\/\/www.lavras24horas.com.br\/portal\/wp-json\/wp\/v2\/posts"}],"about":[{"href":"https:\/\/www.lavras24horas.com.br\/portal\/wp-json\/wp\/v2\/types\/post"}],"author":[{"embeddable":true,"href":"https:\/\/www.lavras24horas.com.br\/portal\/wp-json\/wp\/v2\/users\/7"}],"replies":[{"embeddable":true,"href":"https:\/\/www.lavras24horas.com.br\/portal\/wp-json\/wp\/v2\/comments?post=248189"}],"version-history":[{"count":1,"href":"https:\/\/www.lavras24horas.com.br\/portal\/wp-json\/wp\/v2\/posts\/248189\/revisions"}],"predecessor-version":[{"id":248191,"href":"https:\/\/www.lavras24horas.com.br\/portal\/wp-json\/wp\/v2\/posts\/248189\/revisions\/248191"}],"wp:featuredmedia":[{"embeddable":true,"href":"https:\/\/www.lavras24horas.com.br\/portal\/wp-json\/wp\/v2\/media\/248190"}],"wp:attachment":[{"href":"https:\/\/www.lavras24horas.com.br\/portal\/wp-json\/wp\/v2\/media?parent=248189"}],"wp:term":[{"taxonomy":"category","embeddable":true,"href":"https:\/\/www.lavras24horas.com.br\/portal\/wp-json\/wp\/v2\/categories?post=248189"},{"taxonomy":"post_tag","embeddable":true,"href":"https:\/\/www.lavras24horas.com.br\/portal\/wp-json\/wp\/v2\/tags?post=248189"}],"curies":[{"name":"wp","href":"https:\/\/api.w.org\/{rel}","templated":true}]}}