{"id":248167,"date":"2019-09-02T11:51:46","date_gmt":"2019-09-02T14:51:46","guid":{"rendered":"https:\/\/www.lavras24horas.com.br\/portal\/?p=248167"},"modified":"2019-09-02T11:51:46","modified_gmt":"2019-09-02T14:51:46","slug":"empresario-de-33-anos-morre-apos-capotar-carro-na-br-265","status":"publish","type":"post","link":"https:\/\/www.lavras24horas.com.br\/portal\/empresario-de-33-anos-morre-apos-capotar-carro-na-br-265\/","title":{"rendered":"Empres\u00e1rio de 33 anos morre ap\u00f3s capotar carro na BR-265"},"content":{"rendered":"<div class=\"mc-column content-text active-extra-styles active-capital-letter\" data-block-type=\"unstyled\" data-block-weight=\"36\" data-block-id=\"1\">\n<p data-track-category=\"Link no Texto\" data-track-links=\"\">\n<p data-track-category=\"Link no Texto\" data-track-links=\"\">\n<p class=\"content-text__container theme-color-primary-first-letter\" style=\"text-align: justify;\" data-track-category=\"Link no Texto\" data-track-links=\"\">Um empres\u00e1rio de 33 anos morreu em um acidente neste domingo (1\u00ba) na BR-265, em Lavras (MG). Segundo a Pol\u00edcia Militar Rodovi\u00e1ria, o carro do empres\u00e1rio foi visto em um pasto durante patrulhamento de rotina.<\/p>\n<\/div>\n<div class=\"wall protected-content\">\n<div class=\"mc-column content-text active-extra-styles \" style=\"text-align: justify;\" data-block-type=\"unstyled\" data-block-weight=\"19\" data-block-id=\"2\">\n<p class=\"content-text__container \" data-track-category=\"Link no Texto\" data-track-links=\"\">Ao averiguar a situa\u00e7\u00e3o, os policiais encontraram dentro do ve\u00edculo o motorista, Alexandre Henrique Monteiro, j\u00e1 sem vida.<\/p>\n<\/div>\n<div class=\"mc-column content-text active-extra-styles \" style=\"text-align: justify;\" data-block-type=\"unstyled\" data-block-weight=\"25\" data-block-id=\"3\">\n<p class=\"content-text__container \" data-track-category=\"Link no Texto\" data-track-links=\"\">Ainda conforme a pol\u00edcia, o ve\u00edculo estava bastante danificado e havia marcas de frenagem na pista. A suspeita \u00e9 que ele tenha capotado o carro.<\/p>\n<\/div>\n<p style=\"text-align: justify;\" data-track-category=\"Link no Texto\" data-track-links=\"\"><strong>Fonte: G1<\/strong><\/p>\n<\/div>\n","protected":false},"excerpt":{"rendered":"<p>Um empres\u00e1rio de 33 anos morreu em um acidente neste domingo (1\u00ba) na BR-265, em Lavras (MG). Segundo a Pol\u00edcia Militar Rodovi\u00e1ria, o carro do empres\u00e1rio foi visto em um pasto durante patrulhamento de rotina. Ao averiguar a situa\u00e7\u00e3o, os policiais encontraram dentro do ve\u00edculo o motorista, Alexandre Henrique Monteiro, j\u00e1 sem vida. Ainda conforme [&hellip;]<\/p>\n","protected":false},"author":7,"featured_media":248079,"comment_status":"closed","ping_status":"closed","sticky":false,"template":"","format":"standard","meta":{"advanced_seo_description":"","jetpack_seo_html_title":"","jetpack_seo_noindex":false,"_jetpack_memberships_contains_paid_content":false,"footnotes":""},"categories":[13],"tags":[467,466],"class_list":["post-248167","post","type-post","status-publish","format-standard","has-post-thumbnail","hentry","category-laterais-1","tag-automatico","tag-rascunho"],"jetpack_featured_media_url":"https:\/\/i0.wp.com\/www.lavras24horas.com.br\/portal\/wp-content\/uploads\/2019\/08\/69823590_1159942087541635_4063329895726448640_n.jpg?fit=640%2C480&ssl=1","jetpack_sharing_enabled":true,"jetpack_likes_enabled":true,"jetpack_shortlink":"https:\/\/wp.me\/p12djN-12yH","_links":{"self":[{"href":"https:\/\/www.lavras24horas.com.br\/portal\/wp-json\/wp\/v2\/posts\/248167","targetHints":{"allow":["GET"]}}],"collection":[{"href":"https:\/\/www.lavras24horas.com.br\/portal\/wp-json\/wp\/v2\/posts"}],"about":[{"href":"https:\/\/www.lavras24horas.com.br\/portal\/wp-json\/wp\/v2\/types\/post"}],"author":[{"embeddable":true,"href":"https:\/\/www.lavras24horas.com.br\/portal\/wp-json\/wp\/v2\/users\/7"}],"replies":[{"embeddable":true,"href":"https:\/\/www.lavras24horas.com.br\/portal\/wp-json\/wp\/v2\/comments?post=248167"}],"version-history":[{"count":1,"href":"https:\/\/www.lavras24horas.com.br\/portal\/wp-json\/wp\/v2\/posts\/248167\/revisions"}],"predecessor-version":[{"id":248168,"href":"https:\/\/www.lavras24horas.com.br\/portal\/wp-json\/wp\/v2\/posts\/248167\/revisions\/248168"}],"wp:featuredmedia":[{"embeddable":true,"href":"https:\/\/www.lavras24horas.com.br\/portal\/wp-json\/wp\/v2\/media\/248079"}],"wp:attachment":[{"href":"https:\/\/www.lavras24horas.com.br\/portal\/wp-json\/wp\/v2\/media?parent=248167"}],"wp:term":[{"taxonomy":"category","embeddable":true,"href":"https:\/\/www.lavras24horas.com.br\/portal\/wp-json\/wp\/v2\/categories?post=248167"},{"taxonomy":"post_tag","embeddable":true,"href":"https:\/\/www.lavras24horas.com.br\/portal\/wp-json\/wp\/v2\/tags?post=248167"}],"curies":[{"name":"wp","href":"https:\/\/api.w.org\/{rel}","templated":true}]}}