{"id":248162,"date":"2019-09-02T07:00:38","date_gmt":"2019-09-02T10:00:38","guid":{"rendered":"https:\/\/www.lavras24horas.com.br\/portal\/?p=248162"},"modified":"2019-09-01T15:01:37","modified_gmt":"2019-09-01T18:01:37","slug":"sarampo-entenda-os-sintomas-riscos-e-tratamento","status":"publish","type":"post","link":"https:\/\/www.lavras24horas.com.br\/portal\/sarampo-entenda-os-sintomas-riscos-e-tratamento\/","title":{"rendered":"Sarampo: entenda os sintomas, riscos e tratamento"},"content":{"rendered":"<p>&nbsp;<\/p>\n<p>&nbsp;<\/p>\n<p style=\"text-align: justify;\">Com 2,3 mil casos confirmados de\u00a0<a href=\"http:\/\/agenciabrasil.ebc.com.br\/saude\/noticia\/2019-08\/brasil-registra-23-mil-casos-confirmados-de-sarampo\">sarampo\u00a0<\/a>\u00a0nos \u00faltimos tr\u00eas meses, o Brasil vive um surto da doen\u00e7a. O epicentro da epidemia est\u00e1 localizado no estado de S\u00e3o Paulo, onde foram confirmados uma morte e 2.299 casos \u2013 98% do\u00a0<a href=\"http:\/\/agenciabrasil.ebc.com.br\/saude\/noticia\/2019-08\/sao-paulo-registra-primeira-morte-por-sarampo-neste-ano\">total<\/a>.<\/p>\n<p style=\"text-align: justify;\">Em seguida v\u00eam Rio\u00a0de Janeiro\u00a0(12), Pernambuco (5), Santa Catarina (4) e Distrito Federal (3), al\u00e9m de oito estados com um caso cada: Bahia, Paran\u00e1, Maranh\u00e3o, Rio Grande do Norte, Esp\u00edrito Santo, Sergipe, Goi\u00e1s e Piau\u00ed.<\/p>\n<p style=\"text-align: justify;\">Diante da evolu\u00e7\u00e3o do surto no pa\u00eds, o Minist\u00e9rio da Sa\u00fade anunciou esta semana a aquisi\u00e7\u00e3o de mais 18,7 milh\u00f5es de doses de vacina contra o sarampo. O governo tem intensificado a imuniza\u00e7\u00e3o com foco em crian\u00e7as de at\u00e9 1 ano e adultos jovens.<\/p>\n<p style=\"text-align: justify;\">Neste m\u00eas, o governo anunciou ainda uma nova recomenda\u00e7\u00e3o para imuniza\u00e7\u00e3o de crian\u00e7as. No intuito de conter o avan\u00e7o da doen\u00e7a, o Minist\u00e9rio da Sa\u00fade recomenda que<a href=\"http:\/\/agenciabrasil.ebc.com.br\/geral\/noticia\/2019-08\/saude-recomenda-dose-extra-contra-o-sarampo-em-bebes-menores-de-1-ano\">\u00a0<\/a><a href=\"http:\/\/agenciabrasil.ebc.com.br\/geral\/noticia\/2019-08\/saude-recomenda-dose-extra-contra-o-sarampo-em-bebes-menores-de-1-ano\" target=\"_blank\" rel=\"noopener noreferrer\">crian\u00e7as entre seis meses e 1 ano<\/a>\u00a0\u00a0recebam uma dose extra da vacina, com uma imuniza\u00e7\u00e3o denominada \u201cdose zero\u201d. A iniciativa visa a diminuir a incid\u00eancia nesta faixa et\u00e1ria \u2013 grupo com maior presen\u00e7a proporcional de casos, com 38,3 em cada 100 mil habitantes, contra uma m\u00e9dia geral de 4,10 em cada 100 mil habitantes.<\/p>\n<p style=\"text-align: justify;\">Em entrevista \u00e0\u00a0<strong>R\u00e1dio Nacional da Amaz\u00f4nia<\/strong>, a pediatra intensivista e especialista em sa\u00fade da crian\u00e7a e do adolescente\u00a0Roberta Esteves Vieira de Castro\u00a0explicou que o sarampo \u00e9 uma doen\u00e7a viral grave e altamente\u00a0contagiosa e\u00a0que os sintomas iniciais s\u00e3o parecidos com os de um resfriado comum.<\/p>\n<p style=\"text-align: justify;\">A m\u00e9dica destacou que a \u00fanica forma de preven\u00e7\u00e3o \u00e9 a vacina\u00e7\u00e3o.<\/p>\n<p style=\"text-align: justify;\">Confira abaixo os principais trechos da entrevista:<\/p>\n<p style=\"text-align: justify;\"><strong>O que \u00e9 o sarampo?<\/strong><\/p>\n<p style=\"text-align: justify;\">O sarampo \u00e9 uma doen\u00e7a viral grave e altamente contagiosa que pode evoluir para complica\u00e7\u00f5es e levar \u00e0 morte. \u00c9 transmitido por um v\u00edrus. Os primeiros sintomas s\u00e3o febre, tosse, coriza, como se fosse um resfriado comum. O paciente pode\u00a0ter\u00a0perda de apetite e apresentar conjuntivite, com olhos vermelhos, lacrimejantes e fotofobia.<\/p>\n<p style=\"text-align: justify;\">Surgem manchas vermelhas na pele. Essas erup\u00e7\u00f5es come\u00e7am no rosto, na regi\u00e3o atr\u00e1s da orelha, e v\u00e3o se espalhando pelo corpo. O paciente tamb\u00e9m pode sentir dor de garganta.<\/p>\n<p style=\"text-align: justify;\">A maioria dos pacientes come\u00e7a a se sentir melhor depois de dois dias do in\u00edcio da erup\u00e7\u00e3o cut\u00e2nea. Depois de tr\u00eas a quatro dias, as manchas come\u00e7am a ficar mais castanhas e tendem a desaparecer. A pele pode descamar como se fosse uma queimadura de sol. Muitos ainda t\u00eam tosse por uma ou duas semanas.<\/p>\n<p style=\"text-align: justify;\">A grande preocupa\u00e7\u00e3o \u00e9 que o sarampo, em crian\u00e7as pequenas e pacientes imunocomprometidos, pode levar a complica\u00e7\u00f5es. A diarreia \u00e9 a complica\u00e7\u00e3o mais comum, mas outras podem aparecer como otite m\u00e9dia aguda, pneumonia, hepatite e, at\u00e9 mesmo, encefalite.<\/p>\n<p style=\"text-align: justify;\">A maioria dos casos de mortes decorrem de complica\u00e7\u00f5es no trato respirat\u00f3rio ou de encefalite.<\/p>\n<p style=\"text-align: justify;\"><strong>Como o sarampo \u00e9 transmitido?<\/strong><\/p>\n<p style=\"text-align: justify;\">A transmiss\u00e3o ocorre no contato de pessoa para pessoa e pela propaga\u00e7\u00e3o no ar. As got\u00edculas de secre\u00e7\u00f5es respirat\u00f3rias de um paciente que tem sarampo podem permanecer no ar por at\u00e9 duas horas, ou seja, a doen\u00e7a pode ser transmitida em espa\u00e7o p\u00fablico mesmo que n\u00e3o haja contato de uma pessoa com outra. Grandes surtos t\u00eam ocorrido em locais de aglomera\u00e7\u00e3o como escolas, clubes, aeroportos, shoppings.<\/p>\n<p style=\"text-align: justify;\">A pessoa que tem sarampo pode come\u00e7ar a transmitir a doen\u00e7a cerca de cinco dias antes de aparecerem as manchas na pele. Al\u00e9m disso, ela continua transmitindo o v\u00edrus quatro dias depois de as erup\u00e7\u00f5es terem desaparecido.<\/p>\n<p style=\"text-align: justify;\"><strong>Como \u00e9 a preven\u00e7\u00e3o?<\/strong><\/p>\n<p style=\"text-align: justify;\">A vacina \u00e9 a \u00fanica forma de preven\u00e7\u00e3o. Para combater o avan\u00e7o do sarampo no pa\u00eds, o Minist\u00e9rio da Sa\u00fade recomenda uma \u201cdose zero\u201d, para crian\u00e7as de 6 meses a 11 meses e 29 dias. \u00c9 considerada uma dose extra que n\u00e3o substitui as vacinas do calend\u00e1rio nacional de vacina\u00e7\u00e3o \u2013 a primeira dose aos 12 meses e uma\u00a0segunda\u00a0dose aos 15 meses.<\/p>\n<p style=\"text-align: justify;\">Se um paciente tomou apenas uma dose at\u00e9 os 29 anos, precisa completar o esquema vacinal com uma\u00a0segunda\u00a0dose.<\/p>\n<p style=\"text-align: justify;\">Se a pessoa n\u00e3o tomou nenhuma dose, perdeu o cart\u00e3o de vacina\u00e7\u00e3o ou n\u00e3o se lembra se tomou a vacina, o ideal \u00e9 que ela procure um posto de sa\u00fade. Se ela tiver de 1 a 29 anos, precisa tomar duas doses da vacina, com intervalo de 30 dias entre elas. Se tiver de 30 a 49 anos, tem de tomar apenas uma dose.<\/p>\n<p style=\"text-align: justify;\"><strong>Qual o tratamento?<\/strong><\/p>\n<p style=\"text-align: justify;\">N\u00e3o existe tratamento espec\u00edfico para o sarampo. \u00c9 necess\u00e1rio que o paciente fa\u00e7a repouso e beba bastante l\u00edquido para evitar a desidrata\u00e7\u00e3o. Como \u00e9 uma virose, o tratamento \u00e9 de suporte e tem apenas o objetivo de melhorar o conforto do paciente.<\/p>\n","protected":false},"excerpt":{"rendered":"<p>&nbsp; &nbsp; Com 2,3 mil casos confirmados de\u00a0sarampo\u00a0\u00a0nos \u00faltimos tr\u00eas meses, o Brasil vive um surto da doen\u00e7a. O epicentro da epidemia est\u00e1 localizado no estado de S\u00e3o Paulo, onde foram confirmados uma morte e 2.299 casos \u2013 98% do\u00a0total. Em seguida v\u00eam Rio\u00a0de Janeiro\u00a0(12), Pernambuco (5), Santa Catarina (4) e Distrito Federal (3), al\u00e9m [&hellip;]<\/p>\n","protected":false},"author":7,"featured_media":248163,"comment_status":"closed","ping_status":"closed","sticky":false,"template":"","format":"standard","meta":{"advanced_seo_description":"","jetpack_seo_html_title":"","jetpack_seo_noindex":false,"_jetpack_memberships_contains_paid_content":false,"footnotes":""},"categories":[14],"tags":[467,466],"class_list":["post-248162","post","type-post","status-publish","format-standard","has-post-thumbnail","hentry","category-destaques-2","tag-automatico","tag-rascunho"],"jetpack_featured_media_url":"https:\/\/i0.wp.com\/www.lavras24horas.com.br\/portal\/wp-content\/uploads\/2019\/09\/vista-traseira-do-medico-mao-segure-estetoscopio-com-fundo-desfocado_33491-15.jpg?fit=500%2C333&ssl=1","jetpack_sharing_enabled":true,"jetpack_likes_enabled":true,"jetpack_shortlink":"https:\/\/wp.me\/p12djN-12yC","_links":{"self":[{"href":"https:\/\/www.lavras24horas.com.br\/portal\/wp-json\/wp\/v2\/posts\/248162","targetHints":{"allow":["GET"]}}],"collection":[{"href":"https:\/\/www.lavras24horas.com.br\/portal\/wp-json\/wp\/v2\/posts"}],"about":[{"href":"https:\/\/www.lavras24horas.com.br\/portal\/wp-json\/wp\/v2\/types\/post"}],"author":[{"embeddable":true,"href":"https:\/\/www.lavras24horas.com.br\/portal\/wp-json\/wp\/v2\/users\/7"}],"replies":[{"embeddable":true,"href":"https:\/\/www.lavras24horas.com.br\/portal\/wp-json\/wp\/v2\/comments?post=248162"}],"version-history":[{"count":1,"href":"https:\/\/www.lavras24horas.com.br\/portal\/wp-json\/wp\/v2\/posts\/248162\/revisions"}],"predecessor-version":[{"id":248164,"href":"https:\/\/www.lavras24horas.com.br\/portal\/wp-json\/wp\/v2\/posts\/248162\/revisions\/248164"}],"wp:featuredmedia":[{"embeddable":true,"href":"https:\/\/www.lavras24horas.com.br\/portal\/wp-json\/wp\/v2\/media\/248163"}],"wp:attachment":[{"href":"https:\/\/www.lavras24horas.com.br\/portal\/wp-json\/wp\/v2\/media?parent=248162"}],"wp:term":[{"taxonomy":"category","embeddable":true,"href":"https:\/\/www.lavras24horas.com.br\/portal\/wp-json\/wp\/v2\/categories?post=248162"},{"taxonomy":"post_tag","embeddable":true,"href":"https:\/\/www.lavras24horas.com.br\/portal\/wp-json\/wp\/v2\/tags?post=248162"}],"curies":[{"name":"wp","href":"https:\/\/api.w.org\/{rel}","templated":true}]}}