{"id":248154,"date":"2019-09-02T13:00:23","date_gmt":"2019-09-02T16:00:23","guid":{"rendered":"https:\/\/www.lavras24horas.com.br\/portal\/?p=248154"},"modified":"2019-09-02T15:34:12","modified_gmt":"2019-09-02T18:34:12","slug":"ii-seminario-regional-de-contabilidade-aplicada-ao-setor-publico-sera-realizo-em-lavras","status":"publish","type":"post","link":"https:\/\/www.lavras24horas.com.br\/portal\/ii-seminario-regional-de-contabilidade-aplicada-ao-setor-publico-sera-realizo-em-lavras\/","title":{"rendered":"II Semin\u00e1rio Regional de Contabilidade Aplicada ao Setor p\u00fablico ser\u00e1 realizo em Lavras"},"content":{"rendered":"<p>&nbsp;<\/p>\n<p>&nbsp;<\/p>\n<p style=\"text-align: justify;\">A Associa\u00e7\u00e3o dos Munic\u00edpios da Microrregi\u00e3o do Alto Rio Grande ( AMALG) realiza neste m\u00eas de setembro o II Semin\u00e1rio Regional de Contabilidade Aplicada ao Setor P\u00fablico.As inscri\u00e7\u00f5es para o semin\u00e1rio pode ser feitas no\u00a0<strong><span style=\"color: #ff0000;\"><u><a style=\"color: #ff0000;\" href=\"http:\/\/www.crcmg.org.br\/cursos\/eventos-por-tipo\/tipo-evento\/seminarios\/situacao\/para-realizar\" target=\"_blank\" rel=\"nofollow noopener noreferrer\">site do Conselho Regional de Contabilidade<\/a><\/u>\u00a0de Minas Gerais.<\/span> <\/strong><\/p>\n<p style=\"text-align: justify;\">O evento acontece nos dias 19 e 20, no Sal\u00e3o de Eventos do UNILAVRAS, Rua Padre Jos\u00e9 Poggel 506, Centen\u00e1rio. Interessados em participar podem obter mais informa\u00e7\u00f5es pelo telefone da Amalg: 3821-4566.<\/p>\n","protected":false},"excerpt":{"rendered":"<p>&nbsp; &nbsp; A Associa\u00e7\u00e3o dos Munic\u00edpios da Microrregi\u00e3o do Alto Rio Grande ( AMALG) realiza neste m\u00eas de setembro o II Semin\u00e1rio Regional de Contabilidade Aplicada ao Setor P\u00fablico.As inscri\u00e7\u00f5es para o semin\u00e1rio pode ser feitas no\u00a0site do Conselho Regional de Contabilidade\u00a0de Minas Gerais. O evento acontece nos dias 19 e 20, no Sal\u00e3o de [&hellip;]<\/p>\n","protected":false},"author":7,"featured_media":248155,"comment_status":"closed","ping_status":"closed","sticky":false,"template":"","format":"standard","meta":{"advanced_seo_description":"","jetpack_seo_html_title":"","jetpack_seo_noindex":false,"_jetpack_memberships_contains_paid_content":false,"footnotes":""},"categories":[14,4],"tags":[467,466],"class_list":["post-248154","post","type-post","status-publish","format-standard","has-post-thumbnail","hentry","category-destaques-2","category-lavras","tag-automatico","tag-rascunho"],"jetpack_featured_media_url":"https:\/\/i0.wp.com\/www.lavras24horas.com.br\/portal\/wp-content\/uploads\/2019\/09\/12052017170246iStock503983598ContabilidadeAplicadaaoSetorPblico9704128128.jpg?fit=500%2C375&ssl=1","jetpack_sharing_enabled":true,"jetpack_likes_enabled":true,"jetpack_shortlink":"https:\/\/wp.me\/p12djN-12yu","_links":{"self":[{"href":"https:\/\/www.lavras24horas.com.br\/portal\/wp-json\/wp\/v2\/posts\/248154","targetHints":{"allow":["GET"]}}],"collection":[{"href":"https:\/\/www.lavras24horas.com.br\/portal\/wp-json\/wp\/v2\/posts"}],"about":[{"href":"https:\/\/www.lavras24horas.com.br\/portal\/wp-json\/wp\/v2\/types\/post"}],"author":[{"embeddable":true,"href":"https:\/\/www.lavras24horas.com.br\/portal\/wp-json\/wp\/v2\/users\/7"}],"replies":[{"embeddable":true,"href":"https:\/\/www.lavras24horas.com.br\/portal\/wp-json\/wp\/v2\/comments?post=248154"}],"version-history":[{"count":2,"href":"https:\/\/www.lavras24horas.com.br\/portal\/wp-json\/wp\/v2\/posts\/248154\/revisions"}],"predecessor-version":[{"id":248160,"href":"https:\/\/www.lavras24horas.com.br\/portal\/wp-json\/wp\/v2\/posts\/248154\/revisions\/248160"}],"wp:featuredmedia":[{"embeddable":true,"href":"https:\/\/www.lavras24horas.com.br\/portal\/wp-json\/wp\/v2\/media\/248155"}],"wp:attachment":[{"href":"https:\/\/www.lavras24horas.com.br\/portal\/wp-json\/wp\/v2\/media?parent=248154"}],"wp:term":[{"taxonomy":"category","embeddable":true,"href":"https:\/\/www.lavras24horas.com.br\/portal\/wp-json\/wp\/v2\/categories?post=248154"},{"taxonomy":"post_tag","embeddable":true,"href":"https:\/\/www.lavras24horas.com.br\/portal\/wp-json\/wp\/v2\/tags?post=248154"}],"curies":[{"name":"wp","href":"https:\/\/api.w.org\/{rel}","templated":true}]}}