{"id":248149,"date":"2019-09-02T07:00:06","date_gmt":"2019-09-02T10:00:06","guid":{"rendered":"https:\/\/www.lavras24horas.com.br\/portal\/?p=248149"},"modified":"2019-09-01T13:04:53","modified_gmt":"2019-09-01T16:04:53","slug":"gastronomia-solidaria-2019-sera-realizado-neste-mes-de-setembro","status":"publish","type":"post","link":"https:\/\/www.lavras24horas.com.br\/portal\/gastronomia-solidaria-2019-sera-realizado-neste-mes-de-setembro\/","title":{"rendered":"Gastronomia Solid\u00e1ria 2019 ser\u00e1 realizado neste m\u00eas de setembro"},"content":{"rendered":"<p>&nbsp;<\/p>\n<p>&nbsp;<\/p>\n<p style=\"text-align: justify;\">Acontecer\u00e1 no pr\u00f3ximo no m\u00eas de setembro a quarta edi\u00e7\u00e3o do Gastronomia Solid\u00e1ria promovido pela Comunidade Eterna Miseric\u00f3rdia de Lavras.<\/p>\n<p style=\"text-align: justify;\">O evento, que entrou para o calend\u00e1rio da cidade, ser\u00e1 realizado no dia 28 de setembro, \u00e0s 20h, no Espa\u00e7o Granfinalle, com a presen\u00e7a de v\u00e1rios culinaristas e chef\u2019s lavrenses e seus pratos maravilhosos. S\u00e3o esperadas 450 pessoas para esta na edi\u00e7\u00e3o deste ano.<\/p>\n<p style=\"text-align: justify;\">Hist\u00f3ria<\/p>\n<p style=\"text-align: justify;\">No ano de 2016 os amigos da Comunidade Eterna Miseric\u00f3rdia, percebendo as dificuldades em manter o projeto de acolhimento de moradores de rua e dependentes qu\u00edmicos, se juntaram para propor o Evento Gastronomia Solid\u00e1ria que consiste numa noite de degusta\u00e7\u00e3o, m\u00fasica, encontro, partilha e alegria.<\/p>\n<p style=\"text-align: justify;\">A cada ano este grupo de amigos tem crescido e fortalecendo assim uma corrente de solidariedade e amor ao pr\u00f3ximo com a participa\u00e7\u00e3o de culinaristas e chef\u2019s que desenvolvem pratos gourmet&#8217;s apresentados na noite do evento.<\/p>\n<p style=\"text-align: justify;\">Toda renda \u00e9 revertida para a Eterna Miseric\u00f3rdia, que sobrevive somente de doa\u00e7\u00f5es e re<br \/>\naliza um fundamental trabalho humanit\u00e1rio e caritativo h\u00e1 mais de 13 anos no acolhimento de moradores de rua e dependentes qu\u00edmicos na cidade de Lavras, Minas Gerais.<\/p>\n<p style=\"text-align: justify;\">Segundo um dos fundadores da Comunidade Eterna Miseric\u00f3rdia, Bruno Nogueira, o Gastronomia Solid\u00e1ria \u201c\u00e9 a manifesta\u00e7\u00e3o da compaix\u00e3o atrav\u00e9s da arte de fazer cafun\u00e9 no est\u00f4mago\u201d.<\/p>\n<p style=\"text-align: justify;\">Os ingressos para essa edi\u00e7\u00e3o s\u00e3o comercializados por R$ 120,00 no dinheiro\/ R$130,00 no cart\u00e3o at\u00e9 2x (a bebida est\u00e1 inclusa) no caso dos adultos, e crian\u00e7as pagam R$ 60,00 no dinheiro\/ R$70,00 no cart\u00e3o at\u00e9 2x (crian\u00e7a de 8 \u00e0 12 anos). Crian\u00e7as menores de oito anos n\u00e3o pagam.<\/p>\n<p style=\"text-align: justify;\">Maiores informa\u00e7\u00f5es pelos telefones: 35 9 8868-8243 (whatsapp) &#8211; 3826-0068.<\/p>\n","protected":false},"excerpt":{"rendered":"<p>&nbsp; &nbsp; Acontecer\u00e1 no pr\u00f3ximo no m\u00eas de setembro a quarta edi\u00e7\u00e3o do Gastronomia Solid\u00e1ria promovido pela Comunidade Eterna Miseric\u00f3rdia de Lavras. O evento, que entrou para o calend\u00e1rio da cidade, ser\u00e1 realizado no dia 28 de setembro, \u00e0s 20h, no Espa\u00e7o Granfinalle, com a presen\u00e7a de v\u00e1rios culinaristas e chef\u2019s lavrenses e seus pratos [&hellip;]<\/p>\n","protected":false},"author":7,"featured_media":248150,"comment_status":"closed","ping_status":"closed","sticky":false,"template":"","format":"standard","meta":{"advanced_seo_description":"","jetpack_seo_html_title":"","jetpack_seo_noindex":false,"_jetpack_memberships_contains_paid_content":false,"footnotes":""},"categories":[12,4],"tags":[467,466],"class_list":["post-248149","post","type-post","status-publish","format-standard","has-post-thumbnail","hentry","category-destaques-1","category-lavras","tag-automatico","tag-rascunho"],"jetpack_featured_media_url":"https:\/\/i0.wp.com\/www.lavras24horas.com.br\/portal\/wp-content\/uploads\/2019\/09\/gastronomia-solidaria-2019.jpg?fit=500%2C333&ssl=1","jetpack_sharing_enabled":true,"jetpack_likes_enabled":true,"jetpack_shortlink":"https:\/\/wp.me\/p12djN-12yp","_links":{"self":[{"href":"https:\/\/www.lavras24horas.com.br\/portal\/wp-json\/wp\/v2\/posts\/248149","targetHints":{"allow":["GET"]}}],"collection":[{"href":"https:\/\/www.lavras24horas.com.br\/portal\/wp-json\/wp\/v2\/posts"}],"about":[{"href":"https:\/\/www.lavras24horas.com.br\/portal\/wp-json\/wp\/v2\/types\/post"}],"author":[{"embeddable":true,"href":"https:\/\/www.lavras24horas.com.br\/portal\/wp-json\/wp\/v2\/users\/7"}],"replies":[{"embeddable":true,"href":"https:\/\/www.lavras24horas.com.br\/portal\/wp-json\/wp\/v2\/comments?post=248149"}],"version-history":[{"count":1,"href":"https:\/\/www.lavras24horas.com.br\/portal\/wp-json\/wp\/v2\/posts\/248149\/revisions"}],"predecessor-version":[{"id":248151,"href":"https:\/\/www.lavras24horas.com.br\/portal\/wp-json\/wp\/v2\/posts\/248149\/revisions\/248151"}],"wp:featuredmedia":[{"embeddable":true,"href":"https:\/\/www.lavras24horas.com.br\/portal\/wp-json\/wp\/v2\/media\/248150"}],"wp:attachment":[{"href":"https:\/\/www.lavras24horas.com.br\/portal\/wp-json\/wp\/v2\/media?parent=248149"}],"wp:term":[{"taxonomy":"category","embeddable":true,"href":"https:\/\/www.lavras24horas.com.br\/portal\/wp-json\/wp\/v2\/categories?post=248149"},{"taxonomy":"post_tag","embeddable":true,"href":"https:\/\/www.lavras24horas.com.br\/portal\/wp-json\/wp\/v2\/tags?post=248149"}],"curies":[{"name":"wp","href":"https:\/\/api.w.org\/{rel}","templated":true}]}}