{"id":248141,"date":"2019-09-01T11:05:51","date_gmt":"2019-09-01T14:05:51","guid":{"rendered":"https:\/\/www.lavras24horas.com.br\/portal\/?p=248141"},"modified":"2019-09-01T11:05:51","modified_gmt":"2019-09-01T14:05:51","slug":"secretaria-municipal-de-agricultura-fornece-mudas-para-as-hortas-comunitarias-2","status":"publish","type":"post","link":"https:\/\/www.lavras24horas.com.br\/portal\/secretaria-municipal-de-agricultura-fornece-mudas-para-as-hortas-comunitarias-2\/","title":{"rendered":"Secretaria Municipal de Agricultura fornece mudas para as hortas comunit\u00e1rias"},"content":{"rendered":"<p align=\"justify\">\n<p align=\"justify\">\n<p style=\"text-align: justify;\" align=\"justify\">Hortas comunit\u00e1rias, como o pr\u00f3prio nome diz, s\u00e3o hortas de uso coletivo, cultivadas por pessoas que geralmente moram nas redondezas ou por alunos de escolas. Elas s\u00e3o alternativas para dar funcionalidade a terrenos baldios nas cidades, escolas ou outros pr\u00e9dios p\u00fablicos.<\/p>\n<p style=\"text-align: justify;\" align=\"justify\">Em Lavras existem hortas comunit\u00e1rias em alguns bairros, que s\u00e3o controladas por moradores, mas existem tamb\u00e9m hortas em escolas, que atendem as necessidades dos alunos e, as vezes, moradores dos bairros.<\/p>\n<p style=\"text-align: justify;\" align=\"justify\">Essas hortas recebem assist\u00eancia da Secretaria Municipal de Agricultura, Pecu\u00e1ria e Abastecimento, elas est\u00e3o localizadas: Escola Municipal \u201cJos\u00e9 Serafim\u201d, Escola Municipal \u201cPaulo Menicucci\u201d, Escola Municipal \u201cLouren\u00e7o Menicucci\u201d, Escola Municipal \u201cLafayette Pereira\u201d, e CMEI \u201cMaria Ol\u00edmpia Alves de Melo\u201d.<\/p>\n<p style=\"text-align: justify;\" align=\"justify\">Nas hortas s\u00e3o cultivadas alfaces, cebolinha, salsinha, repolho, agri\u00e3o, r\u00facula, br\u00f3colis e outras, a Secretaria fornece \u00e0s mudas, mas a m\u00e3o de obra fica por conta da comunidade ou alunos das escolas. As verduras e legumes s\u00e3o adicionadas na merenda escolar, s\u00e3o produtos sem inseticida, cultivadas com adubos org\u00e2nicos e colhidas frescas na hora. Al\u00e9m disso, \u00e9 uma oportunidade dos alunos terem contato com todas as fases do plantio.<\/p>\n<p style=\"text-align: justify;\" align=\"justify\"><em><strong>*Diretoria de Comunica\u00e7\u00e3o Social \u2013 Governo Municipal de Lavras<\/strong><\/em><\/p>\n","protected":false},"excerpt":{"rendered":"<p>Hortas comunit\u00e1rias, como o pr\u00f3prio nome diz, s\u00e3o hortas de uso coletivo, cultivadas por pessoas que geralmente moram nas redondezas ou por alunos de escolas. Elas s\u00e3o alternativas para dar funcionalidade a terrenos baldios nas cidades, escolas ou outros pr\u00e9dios p\u00fablicos. Em Lavras existem hortas comunit\u00e1rias em alguns bairros, que s\u00e3o controladas por moradores, mas [&hellip;]<\/p>\n","protected":false},"author":7,"featured_media":248142,"comment_status":"closed","ping_status":"closed","sticky":false,"template":"","format":"standard","meta":{"advanced_seo_description":"","jetpack_seo_html_title":"","jetpack_seo_noindex":false,"_jetpack_memberships_contains_paid_content":false,"footnotes":""},"categories":[14,4],"tags":[467,466],"class_list":["post-248141","post","type-post","status-publish","format-standard","has-post-thumbnail","hentry","category-destaques-2","category-lavras","tag-automatico","tag-rascunho"],"jetpack_featured_media_url":"https:\/\/i0.wp.com\/www.lavras24horas.com.br\/portal\/wp-content\/uploads\/2019\/09\/1.jpg?fit=600%2C399&ssl=1","jetpack_sharing_enabled":true,"jetpack_likes_enabled":true,"jetpack_shortlink":"https:\/\/wp.me\/p12djN-12yh","_links":{"self":[{"href":"https:\/\/www.lavras24horas.com.br\/portal\/wp-json\/wp\/v2\/posts\/248141","targetHints":{"allow":["GET"]}}],"collection":[{"href":"https:\/\/www.lavras24horas.com.br\/portal\/wp-json\/wp\/v2\/posts"}],"about":[{"href":"https:\/\/www.lavras24horas.com.br\/portal\/wp-json\/wp\/v2\/types\/post"}],"author":[{"embeddable":true,"href":"https:\/\/www.lavras24horas.com.br\/portal\/wp-json\/wp\/v2\/users\/7"}],"replies":[{"embeddable":true,"href":"https:\/\/www.lavras24horas.com.br\/portal\/wp-json\/wp\/v2\/comments?post=248141"}],"version-history":[{"count":1,"href":"https:\/\/www.lavras24horas.com.br\/portal\/wp-json\/wp\/v2\/posts\/248141\/revisions"}],"predecessor-version":[{"id":248143,"href":"https:\/\/www.lavras24horas.com.br\/portal\/wp-json\/wp\/v2\/posts\/248141\/revisions\/248143"}],"wp:featuredmedia":[{"embeddable":true,"href":"https:\/\/www.lavras24horas.com.br\/portal\/wp-json\/wp\/v2\/media\/248142"}],"wp:attachment":[{"href":"https:\/\/www.lavras24horas.com.br\/portal\/wp-json\/wp\/v2\/media?parent=248141"}],"wp:term":[{"taxonomy":"category","embeddable":true,"href":"https:\/\/www.lavras24horas.com.br\/portal\/wp-json\/wp\/v2\/categories?post=248141"},{"taxonomy":"post_tag","embeddable":true,"href":"https:\/\/www.lavras24horas.com.br\/portal\/wp-json\/wp\/v2\/tags?post=248141"}],"curies":[{"name":"wp","href":"https:\/\/api.w.org\/{rel}","templated":true}]}}