{"id":248130,"date":"2019-09-01T10:56:59","date_gmt":"2019-09-01T13:56:59","guid":{"rendered":"https:\/\/www.lavras24horas.com.br\/portal\/?p=248130"},"modified":"2019-09-01T10:56:59","modified_gmt":"2019-09-01T13:56:59","slug":"lavras-volei-tera-reforco-de-ex-jogador-do-sada-cruzeiro","status":"publish","type":"post","link":"https:\/\/www.lavras24horas.com.br\/portal\/lavras-volei-tera-reforco-de-ex-jogador-do-sada-cruzeiro\/","title":{"rendered":"Lavras V\u00f4lei ter\u00e1 refor\u00e7o de ex-jogador do Sada Cruzeiro"},"content":{"rendered":"<p align=\"justify\">\n<p align=\"justify\">\n<p align=\"justify\"><span lang=\"pt\">A equipe do Lavras V\u00f4lei ganhou um refor\u00e7o para esta temporada, o levantador Lucas Salim, que jogou na It\u00e1lia e no Sada Cruzeiro. O time lavrense nesta temporada ser\u00e1 formado por atletas juvenis que foram cedidos pela equipe celeste. A estreia no Estadual est\u00e1 marcada para o dia 4 de setembro, quarta-feira, em Uberl\u00e2ndia.<\/span><\/p>\n<p align=\"justify\"><span lang=\"pt\">Seis equipes participam da rodada e quatro se classificam para as semifinais. Al\u00e9m do Lavras V\u00f4lei disputar\u00e3o o estadual o Sada Cruzeiro, Fiat-Minas, Am\u00e9rica V\u00f4lei, de Montes Claros, o An\u00e1polis V\u00f4lei, de Goi\u00e1s e o Uberl\u00e2ndia\/Gabarito\/Start Qu\u00edmica.\u00a0<\/span><\/p>\n<p align=\"justify\"><span lang=\"pt\">O assistente-t\u00e9cnico da equipe que tem o patroc\u00ednio, entre outros, da Prefeitura de Lavras, ser\u00e1 o lavrense Paulo Anchieta, que atuou como ponteiro at\u00e9 a \u00faltima temporada. Ap\u00f3s o Mineiro, a tend\u00eancia \u00e9 que Anchieta assuma o comando t\u00e9cnico do Lavras na Superliga B. A parceria com o Sada permite que o Lavras realize sua pr\u00e9-temporada no CT do Barro Preto, em Belo Horizonte.\u00a0<\/span><\/p>\n<p align=\"justify\">\n","protected":false},"excerpt":{"rendered":"<p>A equipe do Lavras V\u00f4lei ganhou um refor\u00e7o para esta temporada, o levantador Lucas Salim, que jogou na It\u00e1lia e no Sada Cruzeiro. O time lavrense nesta temporada ser\u00e1 formado por atletas juvenis que foram cedidos pela equipe celeste. A estreia no Estadual est\u00e1 marcada para o dia 4 de setembro, quarta-feira, em Uberl\u00e2ndia. Seis [&hellip;]<\/p>\n","protected":false},"author":7,"featured_media":248131,"comment_status":"closed","ping_status":"closed","sticky":false,"template":"","format":"standard","meta":{"advanced_seo_description":"","jetpack_seo_html_title":"","jetpack_seo_noindex":false,"_jetpack_memberships_contains_paid_content":false,"footnotes":""},"categories":[12,4],"tags":[467,466],"class_list":["post-248130","post","type-post","status-publish","format-standard","has-post-thumbnail","hentry","category-destaques-1","category-lavras","tag-automatico","tag-rascunho"],"jetpack_featured_media_url":"https:\/\/i0.wp.com\/www.lavras24horas.com.br\/portal\/wp-content\/uploads\/2019\/09\/lavras-volei-vence-em-casa-e-assume-a-lideranca-.jpg?fit=500%2C375&ssl=1","jetpack_sharing_enabled":true,"jetpack_likes_enabled":true,"jetpack_shortlink":"https:\/\/wp.me\/p12djN-12y6","_links":{"self":[{"href":"https:\/\/www.lavras24horas.com.br\/portal\/wp-json\/wp\/v2\/posts\/248130","targetHints":{"allow":["GET"]}}],"collection":[{"href":"https:\/\/www.lavras24horas.com.br\/portal\/wp-json\/wp\/v2\/posts"}],"about":[{"href":"https:\/\/www.lavras24horas.com.br\/portal\/wp-json\/wp\/v2\/types\/post"}],"author":[{"embeddable":true,"href":"https:\/\/www.lavras24horas.com.br\/portal\/wp-json\/wp\/v2\/users\/7"}],"replies":[{"embeddable":true,"href":"https:\/\/www.lavras24horas.com.br\/portal\/wp-json\/wp\/v2\/comments?post=248130"}],"version-history":[{"count":1,"href":"https:\/\/www.lavras24horas.com.br\/portal\/wp-json\/wp\/v2\/posts\/248130\/revisions"}],"predecessor-version":[{"id":248132,"href":"https:\/\/www.lavras24horas.com.br\/portal\/wp-json\/wp\/v2\/posts\/248130\/revisions\/248132"}],"wp:featuredmedia":[{"embeddable":true,"href":"https:\/\/www.lavras24horas.com.br\/portal\/wp-json\/wp\/v2\/media\/248131"}],"wp:attachment":[{"href":"https:\/\/www.lavras24horas.com.br\/portal\/wp-json\/wp\/v2\/media?parent=248130"}],"wp:term":[{"taxonomy":"category","embeddable":true,"href":"https:\/\/www.lavras24horas.com.br\/portal\/wp-json\/wp\/v2\/categories?post=248130"},{"taxonomy":"post_tag","embeddable":true,"href":"https:\/\/www.lavras24horas.com.br\/portal\/wp-json\/wp\/v2\/tags?post=248130"}],"curies":[{"name":"wp","href":"https:\/\/api.w.org\/{rel}","templated":true}]}}