{"id":248117,"date":"2019-08-31T16:00:57","date_gmt":"2019-08-31T19:00:57","guid":{"rendered":"https:\/\/www.lavras24horas.com.br\/portal\/?p=248117"},"modified":"2019-08-31T16:00:57","modified_gmt":"2019-08-31T19:00:57","slug":"unilavras-inaugurou-espaco-maker-2","status":"publish","type":"post","link":"https:\/\/www.lavras24horas.com.br\/portal\/unilavras-inaugurou-espaco-maker-2\/","title":{"rendered":"Unilavras inaugurou Espa\u00e7o Maker"},"content":{"rendered":"<p>&nbsp;<\/p>\n<p style=\"text-align: justify;\">Um novo movimento tem tomado conta do mundo: o Maker, que tem como base incentivar as pessoas a executarem suas ideias, colocando a m\u00e3o na massa para criar e fomentar solu\u00e7\u00f5es. Na internet, vemos esse movimento como o famoso \u201cFa\u00e7a Voc\u00ea Mesmo\u201d. O Maker chegou \u00e0s institui\u00e7\u00f5es de ensino, como forma de estimular os alunos a serem protagonistas de seu pr\u00f3prio aprendizado.<\/p>\n<p style=\"text-align: justify;\">Antenada com essa nova proposta o Unilavras inaugurou nesta quarta-feira, 28 de agosto, o seu Espa\u00e7o Maker. O local est\u00e1 no cora\u00e7\u00e3o da Institui\u00e7\u00e3o e oferece ferramentas digitais e tecnol\u00f3gicas como impressora 3D e de corte a laser e at\u00e9 recursos mais tradicionais, como os de marcenaria. O espa\u00e7o se destina aos alunos dos cursos de gradua\u00e7\u00e3o e p\u00f3s-gradua\u00e7\u00e3o do Centro Universit\u00e1rio, como tamb\u00e9m aos alunos do Col\u00e9gio. A Reitora do Unilavras falou sobre a inaugura\u00e7\u00e3o \u201cNessa \u00e1rea de metodologia de ensino n\u00f3s estamos procurando o que h\u00e1 de mais moderno no mundo. Atrav\u00e9s de uma visita t\u00e9cnica em uma Universidade dos Estados Unidos, trouxemos o que h\u00e1 d<\/p>\n<p style=\"text-align: justify;\">e mais atual para nossos alunos. Queremos atrav\u00e9s desse espa\u00e7o que eles melhorem ainda mais a qualidade do seu aprendizado. Aqui a criatividade n\u00e3o tem limites e a gente acredita que esse momento \u00e9 um marco institucional, disse a Prof.\u00aa Christiane Amaral Lunkes Argenta.<\/p>\n<p style=\"text-align: justify;\">O objetivo \u00e9 que o espa\u00e7o seja mais uma ferramenta no processo de ensino aprendizagem para ao desenvolvimento de habilidades que v\u00e3o muito al\u00e9m do conhecimento t\u00e9cnico. Os profissionais que buscam um lugar nessa neste novo contexto de mercado de trabalho precisam das chamadas \u201csoft skills\u201d ou atributos pessoais, aqueles que ajudam os trabalhadores a lidarem com as situa\u00e7\u00f5es presentes em seu dia a dia e a aprimorar suas intera\u00e7\u00f5es com o restante da equipe em que est\u00e3o inseridos. E tudo isso pode ser trabalhado e potencializado em um espa\u00e7o maker como pensamento cr\u00edtico, criatividade, empatia, colabora\u00e7\u00e3o e autonomia. Ao todo s\u00e3o dez princ\u00edpios que norteiam esse movimento, conforme o Manifesto Maker: fa\u00e7a, compartilhe, presenteie, aprenda, equipe-se, divirta-se, participe, apoie, mude, permita-se errar.<\/p>\n","protected":false},"excerpt":{"rendered":"<p>&nbsp; Um novo movimento tem tomado conta do mundo: o Maker, que tem como base incentivar as pessoas a executarem suas ideias, colocando a m\u00e3o na massa para criar e fomentar solu\u00e7\u00f5es. Na internet, vemos esse movimento como o famoso \u201cFa\u00e7a Voc\u00ea Mesmo\u201d. O Maker chegou \u00e0s institui\u00e7\u00f5es de ensino, como forma de estimular os [&hellip;]<\/p>\n","protected":false},"author":7,"featured_media":248102,"comment_status":"closed","ping_status":"closed","sticky":false,"template":"","format":"standard","meta":{"advanced_seo_description":"","jetpack_seo_html_title":"","jetpack_seo_noindex":false,"_jetpack_memberships_contains_paid_content":false,"footnotes":""},"categories":[12,4],"tags":[467,466],"class_list":["post-248117","post","type-post","status-publish","format-standard","has-post-thumbnail","hentry","category-destaques-1","category-lavras","tag-automatico","tag-rascunho"],"jetpack_featured_media_url":"https:\/\/i0.wp.com\/www.lavras24horas.com.br\/portal\/wp-content\/uploads\/2019\/08\/IMG_9856.jpg?fit=500%2C333&ssl=1","jetpack_sharing_enabled":true,"jetpack_likes_enabled":true,"jetpack_shortlink":"https:\/\/wp.me\/p12djN-12xT","_links":{"self":[{"href":"https:\/\/www.lavras24horas.com.br\/portal\/wp-json\/wp\/v2\/posts\/248117","targetHints":{"allow":["GET"]}}],"collection":[{"href":"https:\/\/www.lavras24horas.com.br\/portal\/wp-json\/wp\/v2\/posts"}],"about":[{"href":"https:\/\/www.lavras24horas.com.br\/portal\/wp-json\/wp\/v2\/types\/post"}],"author":[{"embeddable":true,"href":"https:\/\/www.lavras24horas.com.br\/portal\/wp-json\/wp\/v2\/users\/7"}],"replies":[{"embeddable":true,"href":"https:\/\/www.lavras24horas.com.br\/portal\/wp-json\/wp\/v2\/comments?post=248117"}],"version-history":[{"count":1,"href":"https:\/\/www.lavras24horas.com.br\/portal\/wp-json\/wp\/v2\/posts\/248117\/revisions"}],"predecessor-version":[{"id":248118,"href":"https:\/\/www.lavras24horas.com.br\/portal\/wp-json\/wp\/v2\/posts\/248117\/revisions\/248118"}],"wp:featuredmedia":[{"embeddable":true,"href":"https:\/\/www.lavras24horas.com.br\/portal\/wp-json\/wp\/v2\/media\/248102"}],"wp:attachment":[{"href":"https:\/\/www.lavras24horas.com.br\/portal\/wp-json\/wp\/v2\/media?parent=248117"}],"wp:term":[{"taxonomy":"category","embeddable":true,"href":"https:\/\/www.lavras24horas.com.br\/portal\/wp-json\/wp\/v2\/categories?post=248117"},{"taxonomy":"post_tag","embeddable":true,"href":"https:\/\/www.lavras24horas.com.br\/portal\/wp-json\/wp\/v2\/tags?post=248117"}],"curies":[{"name":"wp","href":"https:\/\/api.w.org\/{rel}","templated":true}]}}