{"id":248098,"date":"2019-08-31T15:00:53","date_gmt":"2019-08-31T18:00:53","guid":{"rendered":"https:\/\/www.lavras24horas.com.br\/portal\/?p=248098"},"modified":"2019-08-31T16:01:48","modified_gmt":"2019-08-31T19:01:48","slug":"1o-desafio-de-mountain-bike-lavras-x-sao-thome-das-letras-acontece-neste-mes","status":"publish","type":"post","link":"https:\/\/www.lavras24horas.com.br\/portal\/1o-desafio-de-mountain-bike-lavras-x-sao-thome-das-letras-acontece-neste-mes\/","title":{"rendered":"1\u00ba Desafio de Mountain Bike Lavras x S\u00e3o Thom\u00e9 das Letras acontece neste m\u00eas"},"content":{"rendered":"<p>&nbsp;<\/p>\n<p style=\"text-align: justify;\">No dia 15 de setembro acontecer\u00e1 em Lavras o 1\u00ba Desafio de Mountain Bike Lavras x S\u00e3o Thom\u00e9 das Letras.<\/p>\n<p style=\"text-align: justify;\">O Desafio ser\u00e1 um evento de Cicloturismo e ir\u00e1 reunir mais de 400 ciclistas vindos de v\u00e1rias cidades. Os participantes ir\u00e3o percorrer com suas bicicletas um trajeto de 80km com um ganho de eleva\u00e7\u00e3o de 2200m entre as cidades de Lavras e S\u00e3o Thom\u00e9 das Letras. O percurso ter\u00e1 um belo visual, passando por estradas entre Lavras, Lumin\u00e1rias, S\u00e3o Bento Abade, Sobradinho e S\u00e3o Thom\u00e9 das Letras.<\/p>\n<p style=\"text-align: justify;\">A largada acontecer\u00e1 no dia 15 de setembro \u00e0s 06:00h no Clube ABR no distrito Industrial de Lavras com chegada no mesmo dia no Centro de M\u00faltiplos Eventos de S\u00e3o Thom\u00e9 das Letras.<\/p>\n<p style=\"text-align: justify;\">Juntamente com o evento ser\u00e1 realizada uma arrecada\u00e7\u00e3o de alimentos n\u00e3o perec\u00edveis que ser\u00e3o encaminhados ao Banco de Alimentos do Desenvolvimento Social de Lavras para posterior distribui\u00e7\u00e3o \u00e0s entidades necessitadas.<\/p>\n<p style=\"text-align: justify;\">As informa\u00e7\u00f5es sobre o Desafio Lavras x S\u00e3o Thom\u00e9 das Letras est\u00e3o no site <strong><span style=\"color: #ff0000;\"><a style=\"color: #ff0000;\" href=\"http:\/\/www.lrsports.com.br\">www.lrsports.com.br<\/a><\/span><\/strong>, Facebook e Instagram.<\/p>\n<p>&nbsp;<\/p>\n","protected":false},"excerpt":{"rendered":"<p>&nbsp; No dia 15 de setembro acontecer\u00e1 em Lavras o 1\u00ba Desafio de Mountain Bike Lavras x S\u00e3o Thom\u00e9 das Letras. O Desafio ser\u00e1 um evento de Cicloturismo e ir\u00e1 reunir mais de 400 ciclistas vindos de v\u00e1rias cidades. Os participantes ir\u00e3o percorrer com suas bicicletas um trajeto de 80km com um ganho de eleva\u00e7\u00e3o [&hellip;]<\/p>\n","protected":false},"author":7,"featured_media":248099,"comment_status":"closed","ping_status":"closed","sticky":false,"template":"","format":"standard","meta":{"advanced_seo_description":"","jetpack_seo_html_title":"","jetpack_seo_noindex":false,"_jetpack_memberships_contains_paid_content":false,"footnotes":""},"categories":[13077,4],"tags":[467,466],"class_list":["post-248098","post","type-post","status-publish","format-standard","has-post-thumbnail","hentry","category-laterais-2","category-lavras","tag-automatico","tag-rascunho"],"jetpack_featured_media_url":"https:\/\/i0.wp.com\/www.lavras24horas.com.br\/portal\/wp-content\/uploads\/2019\/08\/helio-nassaralla-campeao-da-categoria-master-3.jpg?fit=500%2C332&ssl=1","jetpack_sharing_enabled":true,"jetpack_likes_enabled":true,"jetpack_shortlink":"https:\/\/wp.me\/p12djN-12xA","_links":{"self":[{"href":"https:\/\/www.lavras24horas.com.br\/portal\/wp-json\/wp\/v2\/posts\/248098","targetHints":{"allow":["GET"]}}],"collection":[{"href":"https:\/\/www.lavras24horas.com.br\/portal\/wp-json\/wp\/v2\/posts"}],"about":[{"href":"https:\/\/www.lavras24horas.com.br\/portal\/wp-json\/wp\/v2\/types\/post"}],"author":[{"embeddable":true,"href":"https:\/\/www.lavras24horas.com.br\/portal\/wp-json\/wp\/v2\/users\/7"}],"replies":[{"embeddable":true,"href":"https:\/\/www.lavras24horas.com.br\/portal\/wp-json\/wp\/v2\/comments?post=248098"}],"version-history":[{"count":1,"href":"https:\/\/www.lavras24horas.com.br\/portal\/wp-json\/wp\/v2\/posts\/248098\/revisions"}],"predecessor-version":[{"id":248100,"href":"https:\/\/www.lavras24horas.com.br\/portal\/wp-json\/wp\/v2\/posts\/248098\/revisions\/248100"}],"wp:featuredmedia":[{"embeddable":true,"href":"https:\/\/www.lavras24horas.com.br\/portal\/wp-json\/wp\/v2\/media\/248099"}],"wp:attachment":[{"href":"https:\/\/www.lavras24horas.com.br\/portal\/wp-json\/wp\/v2\/media?parent=248098"}],"wp:term":[{"taxonomy":"category","embeddable":true,"href":"https:\/\/www.lavras24horas.com.br\/portal\/wp-json\/wp\/v2\/categories?post=248098"},{"taxonomy":"post_tag","embeddable":true,"href":"https:\/\/www.lavras24horas.com.br\/portal\/wp-json\/wp\/v2\/tags?post=248098"}],"curies":[{"name":"wp","href":"https:\/\/api.w.org\/{rel}","templated":true}]}}