{"id":248095,"date":"2019-08-30T13:24:09","date_gmt":"2019-08-30T16:24:09","guid":{"rendered":"https:\/\/www.lavras24horas.com.br\/portal\/?p=248095"},"modified":"2019-08-30T13:24:09","modified_gmt":"2019-08-30T16:24:09","slug":"professor-da-ufla-sera-unico-brasileiro-a-participar-de-relatorio-sobre-especies-exoticas-invasoras","status":"publish","type":"post","link":"https:\/\/www.lavras24horas.com.br\/portal\/professor-da-ufla-sera-unico-brasileiro-a-participar-de-relatorio-sobre-especies-exoticas-invasoras\/","title":{"rendered":"Professor da UFLA ser\u00e1 \u00fanico brasileiro a participar de relat\u00f3rio sobre esp\u00e9cies ex\u00f3ticas invasoras"},"content":{"rendered":"<p>&nbsp;<\/p>\n<p>&nbsp;<\/p>\n<p style=\"text-align: justify;\">O professor do Departamento de Biologia da Universidade Federal de Lavras (DBI\/UFLA) Rafael Dudeque Zenni ser\u00e1 o \u00fanico pesquisador brasileiro a participar do relat\u00f3rio do Painel Intergovernamental sobre Biodiversidade e Servi\u00e7os Ecossist\u00eamicos (IPBES) sobre as chamadas esp\u00e9cies ex\u00f3ticas invasoras, isto \u00e9, esp\u00e9cies introduzidas pela a\u00e7\u00e3o humana em um ambiente diferente do original, de maneira intencional ou acidental, que causam grande impacto \u00e0 biodiversidade e \u00e0 sa\u00fade humana.<\/p>\n<p style=\"text-align: justify;\">O trabalho ter\u00e1 dura\u00e7\u00e3o de quatro anos e deve ser conclu\u00eddo em 2023. O docente da UFLA ser\u00e1 um dos autores l\u00edderes do cap\u00edtulo 5, que ir\u00e1 revisar os programas globais, nacionais e regionais, atuais e passados, de manejo e pol\u00edticas p\u00fablicas sobre esp\u00e9cies ex\u00f3ticas invasoras.<\/p>\n<p style=\"text-align: justify;\">\u201cEm virtude dos danos causados pelas esp\u00e9cies ex\u00f3ticas invasoras, o Brasil, junto com outros 127 pa\u00edses, est\u00e1 criando um esfor\u00e7o global para avaliar e fazer uma s\u00edntese da situa\u00e7\u00e3o atual das invas\u00f5es biol\u00f3gicas e das esp\u00e9cies ex\u00f3ticas invasoras no mundo. Nesse relat\u00f3rio tem\u00e1tico, ser\u00e1 feita uma s\u00edntese de todo conhecimento existente sobre o assunto\u201d, explica o professor Rafael Zenni.<\/p>\n<p style=\"text-align: justify;\">V\u00e1rios cap\u00edtulos est\u00e3o previstos para esse relat\u00f3rio. O pesquisador ir\u00e1 rever e avaliar as a\u00e7\u00f5es passadas e atuais de manejo de esp\u00e9cies ex\u00f3ticas invasoras, as pol\u00edticas p\u00fablicas existentes para preven\u00e7\u00e3o, controle e manejo. O objetivo \u00e9 compreender o que funciona e o que n\u00e3o funciona no controle de esp\u00e9cies ex\u00f3ticas invasoras, para sugerir projetos e melhorias que realmente deem certo para lidar com essas amea\u00e7as.<\/p>\n<h3 style=\"text-align: justify;\"><strong>Exemplos de esp\u00e9cies ex\u00f3ticas<\/strong><\/h3>\n<p style=\"text-align: justify;\">H\u00e1 mais de 300 esp\u00e9cies ex\u00f3ticas invasoras apenas no Brasil. Entre elas, o professor destaca o mosquito da dengue, introduzido ainda durante o per\u00edodo colonial no Brasil e respons\u00e1vel por in\u00fameros preju\u00edzos n\u00e3o s\u00f3 \u00e0 sa\u00fade humana, mas tamb\u00e9m \u00e0 economia. \u201cOutro exemplo \u00e9 o mexilh\u00e3o-dourado, que hoje causa mais de R$ 1,5 milh\u00f5es de preju\u00edzo \u00e0s usinas hidrel\u00e9tricas somente em Minas Gerais, custo que \u00e9 repassado para a conta de luz de cada um de n\u00f3s\u201d, comenta o professor Rafael Zenni.<\/p>\n<p style=\"text-align: justify;\">H\u00e1 v\u00e1rias plantas, como por exemplo os pinheiros e \u00a0os eucaliptos, que s\u00e3o esp\u00e9cies amplamente utilizadas nos plantios florestais, mas se n\u00e3o forem controladas e corretamente manejadas podem escapar dos cultivos e come\u00e7ar a invadir e a ocupar ambientes naturais afetando a biodiversidade.<\/p>\n<p><strong>Reportagem:\u00a0Greicielle dos Santos &#8211; bolsista Dcom\/Fapemig<\/strong><\/p>\n","protected":false},"excerpt":{"rendered":"<p>&nbsp; &nbsp; O professor do Departamento de Biologia da Universidade Federal de Lavras (DBI\/UFLA) Rafael Dudeque Zenni ser\u00e1 o \u00fanico pesquisador brasileiro a participar do relat\u00f3rio do Painel Intergovernamental sobre Biodiversidade e Servi\u00e7os Ecossist\u00eamicos (IPBES) sobre as chamadas esp\u00e9cies ex\u00f3ticas invasoras, isto \u00e9, esp\u00e9cies introduzidas pela a\u00e7\u00e3o humana em um ambiente diferente do original, de [&hellip;]<\/p>\n","protected":false},"author":7,"featured_media":248096,"comment_status":"closed","ping_status":"closed","sticky":false,"template":"","format":"standard","meta":{"advanced_seo_description":"","jetpack_seo_html_title":"","jetpack_seo_noindex":false,"_jetpack_memberships_contains_paid_content":false,"footnotes":""},"categories":[14,4],"tags":[467,466],"class_list":["post-248095","post","type-post","status-publish","format-standard","has-post-thumbnail","hentry","category-destaques-2","category-lavras","tag-automatico","tag-rascunho"],"jetpack_featured_media_url":"https:\/\/i0.wp.com\/www.lavras24horas.com.br\/portal\/wp-content\/uploads\/2019\/08\/professor.jpg?fit=500%2C280&ssl=1","jetpack_sharing_enabled":true,"jetpack_likes_enabled":true,"jetpack_shortlink":"https:\/\/wp.me\/p12djN-12xx","_links":{"self":[{"href":"https:\/\/www.lavras24horas.com.br\/portal\/wp-json\/wp\/v2\/posts\/248095","targetHints":{"allow":["GET"]}}],"collection":[{"href":"https:\/\/www.lavras24horas.com.br\/portal\/wp-json\/wp\/v2\/posts"}],"about":[{"href":"https:\/\/www.lavras24horas.com.br\/portal\/wp-json\/wp\/v2\/types\/post"}],"author":[{"embeddable":true,"href":"https:\/\/www.lavras24horas.com.br\/portal\/wp-json\/wp\/v2\/users\/7"}],"replies":[{"embeddable":true,"href":"https:\/\/www.lavras24horas.com.br\/portal\/wp-json\/wp\/v2\/comments?post=248095"}],"version-history":[{"count":1,"href":"https:\/\/www.lavras24horas.com.br\/portal\/wp-json\/wp\/v2\/posts\/248095\/revisions"}],"predecessor-version":[{"id":248097,"href":"https:\/\/www.lavras24horas.com.br\/portal\/wp-json\/wp\/v2\/posts\/248095\/revisions\/248097"}],"wp:featuredmedia":[{"embeddable":true,"href":"https:\/\/www.lavras24horas.com.br\/portal\/wp-json\/wp\/v2\/media\/248096"}],"wp:attachment":[{"href":"https:\/\/www.lavras24horas.com.br\/portal\/wp-json\/wp\/v2\/media?parent=248095"}],"wp:term":[{"taxonomy":"category","embeddable":true,"href":"https:\/\/www.lavras24horas.com.br\/portal\/wp-json\/wp\/v2\/categories?post=248095"},{"taxonomy":"post_tag","embeddable":true,"href":"https:\/\/www.lavras24horas.com.br\/portal\/wp-json\/wp\/v2\/tags?post=248095"}],"curies":[{"name":"wp","href":"https:\/\/api.w.org\/{rel}","templated":true}]}}