{"id":248083,"date":"2019-08-30T13:01:23","date_gmt":"2019-08-30T16:01:23","guid":{"rendered":"https:\/\/www.lavras24horas.com.br\/portal\/?p=248083"},"modified":"2019-08-30T13:02:23","modified_gmt":"2019-08-30T16:02:23","slug":"radialista-jose-silverio-revela-em-entrevista-que-quase-morreu-na-copa-de-1978","status":"publish","type":"post","link":"https:\/\/www.lavras24horas.com.br\/portal\/radialista-jose-silverio-revela-em-entrevista-que-quase-morreu-na-copa-de-1978\/","title":{"rendered":"Radialista Jos\u00e9 Silv\u00e9rio revela em entrevista que quase morreu na Copa de 1978"},"content":{"rendered":"<p>&nbsp;<\/p>\n<p style=\"text-align: justify;\">O radialista Jos\u00e9 Silv\u00e9rio (<strong>foto<\/strong>), 74 anos, um dos \u00edcones do jornalismo esportivo do Brasil, afirmou em entrevista que quase morreu durante no final da Copa do Mundo de Futebol, em 1978, na Argentina. Na \u00e9poca ele sofria de uma \u00falcera.<\/p>\n<p style=\"text-align: justify;\">A reportagem assinada pelos rep\u00f3rteres Rubens Lisboa e Wanderlei Lima, foi publicada nesta sexta-feira, dia 30, no site <strong>UOL Esporte.<\/strong><\/p>\n<p style=\"text-align: justify;\">\u201cEle acordou na v\u00e9spera com sangramentos e foi levado ao centro m\u00e9dico pelo rep\u00f3rter Wanderley Nogueira, seu colega na Jovem Pan. Mas o narrador n\u00e3o aceitou a recomenda\u00e7\u00e3o para se internar e transmitiu o jogo entre Argentina e Holanda, usando panos para estancar o sangue e segurando uma santinha\u201d, narra a reportagem.<\/p>\n<p style=\"text-align: justify;\">Segundo o Jos\u00e9 Silv\u00e9rio, foi o dia mais dram\u00e1tico da sua vida. \u201cEu s\u00f3 n\u00e3o morri porque n\u00e3o estava na hora. O m\u00e9dico falou: &#8216;se voc\u00ea demorasse mais 15 minutos pra chegar aqui, voc\u00ea ia morrer. Voc\u00ea n\u00e3o tem sangue nenhum no corpo, est\u00e1 desfalecido&#8217;. A\u00ed fui direto pra colocar sangue&#8221;, disse o narrador, que teve que passar por uma opera\u00e7\u00e3o\u201d, afirmou.<\/p>\n<p style=\"text-align: justify;\">A longa reportagem, que pode ser conferida na \u00edntegra <a href=\"https:\/\/esporte.uol.com.br\/reportagens-especiais\/entrevistao-jose-silverio-quase-morreu-narrando-e-revela-que-nao-gostou-de-trabalhar-com-faustao\/#aos-74-anos-chegou-a-hora-de-parar\"><strong><span style=\"color: #ff0000;\">aqui<\/span><\/strong><\/a>, narra ainda momentos importantes da carreira do \u00eddolo do r\u00e1dio brasileiro.<\/p>\n<p style=\"text-align: justify;\"><strong>Bio <\/strong><\/p>\n<p style=\"text-align: justify;\">Jos\u00e9 Silv\u00e9rio \u00e9 considerado por muitos o mais t\u00e9cnico de todos os locutores esportivos de r\u00e1dio da hist\u00f3ria. Come\u00e7ou a carreira narrando at\u00e9 treinos do Fabril, pela R\u00e1dio Cultura de Lavras\u00a0 (cujo diretor descobriu-o quando Silv\u00e9rio narrava uma partida de bot\u00e3o),\u00a0 e sua primeira partida foi em julho de 1963, entre Ol\u00edmpica de Lavras e Bragantino. De l\u00e1, foi para as r\u00e1dios Itatiaia e Inconfid\u00eancia, de Belo Horizonte, Continental, do Rio de Janeiro e a R\u00e1dio Tupi, de S\u00e3o Paulo, como correspondente no Rio.<\/p>\n<p style=\"text-align: justify;\">Chegou em 1975 \u00e0 R\u00e1dio Jovem Pan de S\u00e3o Paulo, onde ficou por 25 anos \u2014 apesar de uma passagem de tr\u00eas meses pela R\u00e1dio Bandeirantes, em 1985. Era o segundo locutor, atr\u00e1s de Osmar Santos, mas, com a sa\u00edda deste, assumiu a titularidade em 1977. Teve ainda uma experi\u00eancia na TV Manchete, sem deixar o r\u00e1dio. Desde 2000, trabalha para a R\u00e1dio Bandeirantes de S\u00e3o Paulo.<\/p>\n<p style=\"text-align: justify;\">J\u00e1 narrou mais de 20 modalidades esportivas, mas destacou-se no futebol, sobretudo de S\u00e3o Paulo. Cobriu todas as Copas do Mundo desde 1978. Em sua carreira, passou por situa\u00e7\u00f5es curiosas, como narrar a final do Campeonato Brasileiro de 1979 na pista de atletismo do est\u00e1dio Beira-Rio, com os c\u00e3es da pol\u00edcia \u00e0 sua frente. Outra situa\u00e7\u00e3o curiosa foi durante um treino da Sele\u00e7\u00e3o Brasileira para a Copa do Mundo de 1986: sem autoriza\u00e7\u00e3o para narrar do est\u00e1dio, os locutores das r\u00e1dios tiveram de improvisar, e Silv\u00e9rio subiu em uma \u00e1rvore, de onde avisava o rep\u00f3rter de campo Wanderley Nogueira sempre que n\u00e3o conseguia ver algum lance, para que ele o ajudasse com a narra\u00e7\u00e3o.<\/p>\n<p style=\"text-align: justify;\">Autor de jarg\u00f5es in\u00fameras vezes repetidos por outros locutores, sendo o mais not\u00f3rio o &#8220;E que gola\u00e7o!&#8221;, que surgiu de improviso e foi incorporado ao seu repert\u00f3rio. Tem uma esp\u00e9cie de &#8220;tique&#8221;, que \u00e9 sua marca registrada, qual seja, estender a pron\u00fancia das \u00faltimas s\u00edlabas das palavras (Por exemplo, o rep\u00f3rter Leandro Quesada \u00e9 chamado de &#8220;Quesadaaaaannnnnnnnnn&#8221;).<\/p>\n<p>&nbsp;<\/p>\n","protected":false},"excerpt":{"rendered":"<p>&nbsp; O radialista Jos\u00e9 Silv\u00e9rio (foto), 74 anos, um dos \u00edcones do jornalismo esportivo do Brasil, afirmou em entrevista que quase morreu durante no final da Copa do Mundo de Futebol, em 1978, na Argentina. Na \u00e9poca ele sofria de uma \u00falcera. A reportagem assinada pelos rep\u00f3rteres Rubens Lisboa e Wanderlei Lima, foi publicada nesta [&hellip;]<\/p>\n","protected":false},"author":7,"featured_media":248084,"comment_status":"closed","ping_status":"closed","sticky":false,"template":"","format":"standard","meta":{"advanced_seo_description":"","jetpack_seo_html_title":"","jetpack_seo_noindex":false,"_jetpack_memberships_contains_paid_content":false,"footnotes":""},"categories":[13077,4],"tags":[467,466],"class_list":["post-248083","post","type-post","status-publish","format-standard","has-post-thumbnail","hentry","category-laterais-2","category-lavras","tag-automatico","tag-rascunho"],"jetpack_featured_media_url":"https:\/\/i0.wp.com\/www.lavras24horas.com.br\/portal\/wp-content\/uploads\/2019\/08\/silverio.jpg?fit=500%2C333&ssl=1","jetpack_sharing_enabled":true,"jetpack_likes_enabled":true,"jetpack_shortlink":"https:\/\/wp.me\/p12djN-12xl","_links":{"self":[{"href":"https:\/\/www.lavras24horas.com.br\/portal\/wp-json\/wp\/v2\/posts\/248083","targetHints":{"allow":["GET"]}}],"collection":[{"href":"https:\/\/www.lavras24horas.com.br\/portal\/wp-json\/wp\/v2\/posts"}],"about":[{"href":"https:\/\/www.lavras24horas.com.br\/portal\/wp-json\/wp\/v2\/types\/post"}],"author":[{"embeddable":true,"href":"https:\/\/www.lavras24horas.com.br\/portal\/wp-json\/wp\/v2\/users\/7"}],"replies":[{"embeddable":true,"href":"https:\/\/www.lavras24horas.com.br\/portal\/wp-json\/wp\/v2\/comments?post=248083"}],"version-history":[{"count":2,"href":"https:\/\/www.lavras24horas.com.br\/portal\/wp-json\/wp\/v2\/posts\/248083\/revisions"}],"predecessor-version":[{"id":248086,"href":"https:\/\/www.lavras24horas.com.br\/portal\/wp-json\/wp\/v2\/posts\/248083\/revisions\/248086"}],"wp:featuredmedia":[{"embeddable":true,"href":"https:\/\/www.lavras24horas.com.br\/portal\/wp-json\/wp\/v2\/media\/248084"}],"wp:attachment":[{"href":"https:\/\/www.lavras24horas.com.br\/portal\/wp-json\/wp\/v2\/media?parent=248083"}],"wp:term":[{"taxonomy":"category","embeddable":true,"href":"https:\/\/www.lavras24horas.com.br\/portal\/wp-json\/wp\/v2\/categories?post=248083"},{"taxonomy":"post_tag","embeddable":true,"href":"https:\/\/www.lavras24horas.com.br\/portal\/wp-json\/wp\/v2\/tags?post=248083"}],"curies":[{"name":"wp","href":"https:\/\/api.w.org\/{rel}","templated":true}]}}