{"id":248075,"date":"2019-08-29T14:41:56","date_gmt":"2019-08-29T17:41:56","guid":{"rendered":"https:\/\/www.lavras24horas.com.br\/portal\/?p=248075"},"modified":"2019-08-29T14:45:01","modified_gmt":"2019-08-29T17:45:01","slug":"pm-apreende-facas-com-adolescentes-dentro-de-escola","status":"publish","type":"post","link":"https:\/\/www.lavras24horas.com.br\/portal\/pm-apreende-facas-com-adolescentes-dentro-de-escola\/","title":{"rendered":"PM apreende facas com adolescentes dentro de escola"},"content":{"rendered":"<p>&nbsp;<\/p>\n<p>&nbsp;<\/p>\n<p style=\"text-align: justify;\">Quarta-feira (28), \u00e0s 08:48, em Lavras, os militares estiveram em uma escola p\u00fablica ap\u00f3s serem solicitados pelo diretor, o qual informou que um aluno de 16 anos o havia procurado, e chorando disse que estava arrependido do que planejava fazer.<\/p>\n<p style=\"text-align: justify;\">Ele contou que estava sendo amea\u00e7ado por outro aluno, e ap\u00f3s mostrar-lhe um \u00e1udio que havia recebido do colega, entregou-lhe uma faca.<\/p>\n<div class=\"text_exposed_show\">\n<p style=\"text-align: justify;\">No local, os militares ap\u00f3s fazerem contato com o adolescente, foram at\u00e9 a sala onde estava o outro aluno, tamb\u00e9m de 16 anos. Em seus pertences foi encontrada outra faca.<\/p>\n<p style=\"text-align: justify;\">Os respons\u00e1veis pelos adolescentes foram acionados, sendo os 2 conduzidos at\u00e9 a Delegacia junto das facas apreendidas.<\/p>\n<p><strong>Fonte: ACO\/8\u00baBPM<\/strong><\/p>\n<\/div>\n","protected":false},"excerpt":{"rendered":"<p>&nbsp; &nbsp; Quarta-feira (28), \u00e0s 08:48, em Lavras, os militares estiveram em uma escola p\u00fablica ap\u00f3s serem solicitados pelo diretor, o qual informou que um aluno de 16 anos o havia procurado, e chorando disse que estava arrependido do que planejava fazer. Ele contou que estava sendo amea\u00e7ado por outro aluno, e ap\u00f3s mostrar-lhe um [&hellip;]<\/p>\n","protected":false},"author":7,"featured_media":248076,"comment_status":"closed","ping_status":"closed","sticky":false,"template":"","format":"standard","meta":{"advanced_seo_description":"","jetpack_seo_html_title":"","jetpack_seo_noindex":false,"_jetpack_memberships_contains_paid_content":false,"footnotes":""},"categories":[12,4],"tags":[467,466],"class_list":["post-248075","post","type-post","status-publish","format-standard","has-post-thumbnail","hentry","category-destaques-1","category-lavras","tag-automatico","tag-rascunho"],"jetpack_featured_media_url":"https:\/\/i0.wp.com\/www.lavras24horas.com.br\/portal\/wp-content\/uploads\/2019\/08\/69233335_1159943310874846_9024253637865504768_n.jpg?fit=531%2C295&ssl=1","jetpack_sharing_enabled":true,"jetpack_likes_enabled":true,"jetpack_shortlink":"https:\/\/wp.me\/p12djN-12xd","_links":{"self":[{"href":"https:\/\/www.lavras24horas.com.br\/portal\/wp-json\/wp\/v2\/posts\/248075","targetHints":{"allow":["GET"]}}],"collection":[{"href":"https:\/\/www.lavras24horas.com.br\/portal\/wp-json\/wp\/v2\/posts"}],"about":[{"href":"https:\/\/www.lavras24horas.com.br\/portal\/wp-json\/wp\/v2\/types\/post"}],"author":[{"embeddable":true,"href":"https:\/\/www.lavras24horas.com.br\/portal\/wp-json\/wp\/v2\/users\/7"}],"replies":[{"embeddable":true,"href":"https:\/\/www.lavras24horas.com.br\/portal\/wp-json\/wp\/v2\/comments?post=248075"}],"version-history":[{"count":1,"href":"https:\/\/www.lavras24horas.com.br\/portal\/wp-json\/wp\/v2\/posts\/248075\/revisions"}],"predecessor-version":[{"id":248077,"href":"https:\/\/www.lavras24horas.com.br\/portal\/wp-json\/wp\/v2\/posts\/248075\/revisions\/248077"}],"wp:featuredmedia":[{"embeddable":true,"href":"https:\/\/www.lavras24horas.com.br\/portal\/wp-json\/wp\/v2\/media\/248076"}],"wp:attachment":[{"href":"https:\/\/www.lavras24horas.com.br\/portal\/wp-json\/wp\/v2\/media?parent=248075"}],"wp:term":[{"taxonomy":"category","embeddable":true,"href":"https:\/\/www.lavras24horas.com.br\/portal\/wp-json\/wp\/v2\/categories?post=248075"},{"taxonomy":"post_tag","embeddable":true,"href":"https:\/\/www.lavras24horas.com.br\/portal\/wp-json\/wp\/v2\/tags?post=248075"}],"curies":[{"name":"wp","href":"https:\/\/api.w.org\/{rel}","templated":true}]}}