{"id":248072,"date":"2019-08-30T07:00:08","date_gmt":"2019-08-30T10:00:08","guid":{"rendered":"https:\/\/www.lavras24horas.com.br\/portal\/?p=248072"},"modified":"2019-08-29T14:38:39","modified_gmt":"2019-08-29T17:38:39","slug":"abeta-conecta-edicao-carrancas-2019-acontecera-em-setembro","status":"publish","type":"post","link":"https:\/\/www.lavras24horas.com.br\/portal\/abeta-conecta-edicao-carrancas-2019-acontecera-em-setembro\/","title":{"rendered":"Abeta Conecta Edi\u00e7\u00e3o Carrancas 2019 acontecer\u00e1 em setembro"},"content":{"rendered":"<p>&nbsp;<\/p>\n<p>&nbsp;<\/p>\n<p style=\"text-align: justify;\">Acontecer\u00e1 entre 2 e 5 de setembro\u00a0 o Abeta Conecta Edi\u00e7\u00e3o Carrancas 2019. O\u00a0evento busca incentivar a qualifica\u00e7\u00e3o na \u00e1rea de ecoturismo, como forma de melhorar a gest\u00e3o e trazer inova\u00e7\u00e3o aos neg\u00f3cios do ramo.<\/p>\n<p style=\"text-align: justify;\">O Abeta Conecta \u00e9 resultado de uma parceria entre a ABETA, o Sebrae, a Prefeitura Municipal de Carrancas e a Associa\u00e7\u00e3o Carranquense dos Empreendedores do Turismo de Carrancas &#8211; ACETUR.<\/p>\n<div class=\"text_exposed_show\">\n<p style=\"text-align: justify;\">Atrav\u00e9s de uma programa\u00e7\u00e3o que privilegia as oficinas de capacita\u00e7\u00e3o t\u00e9cnica, palestras inspiradoras e atividades culturais e ao ar livre, o encontro busca produzir conhecimento e melhorar a capacidade de gest\u00e3o e inova\u00e7\u00e3o de micros e pequenos neg\u00f3cios, gerar novas oportunidades de neg\u00f3cios e promover o Destino Anfitri\u00e3o.<\/p>\n<p style=\"text-align: justify;\">As inscri\u00e7\u00f5es s\u00e3o gratuitas e dever\u00e3o ser feitas atrav\u00e9s do link:\u00a0<a href=\"https:\/\/l.facebook.com\/l.php?u=https%3A%2F%2Fbit.ly%2F2KWivEc%3Ffbclid%3DIwAR3x5aIac3_bsZtkFISZIXFsb38zEc-TGK7vGt4aK6G32Nlu9ooXtJ9I5zQ&amp;h=AT1UrFuQxHRNJOCqr6kmPGg8tnRN09czG6hv32wyOLd_JaOXFkPPyK2B651q7rkAtWsySd9GMmmrulllS8kwBfIV0MJBV1Lg3G6NXCjjOpSnTtT6uDWX0jINM9MveOjaFqpYbMMeHZJ_EHxH5MSZeI6l3KVnTahrMz4HJJtF1UDRoAXyfrDhFpsij01vN6tZa1kvsX0u9W0isLzjLpSTCmCsyBapa1y43C6a2EqpkqB5mewmcsf3ZaQzUwJBmrL4wZmJKgqhFJzwbTB1NQYQ4KhgsYmXqqVcqRnaqMLepzwvP9OJK9PQGk75ffRkueBDX3OmHj8ewNSPoUknUWi9K2mqBCC3v8Re7u4tfDmrnmPnb-1QKmPmqGFpiCjOcPsBp6BZXHU3bh-ig6D6MPkGQChfMLC0FlqCh5pCtttfRw5OlRTwnO-wjVzQ3w2myzccRAI9O2tOfeeeyLNhKEA32ncjDxpW_FWu12LPLQNH-LEOYvOfbPpYttDb6z6B5XJUrE6VF82mGNlvxwJVy1cWepTGeLPV8qi1tyTIIwC9qN57Zk6e1yR3-kd2tkJjTgYnHvZnq-FIazzsxt5l14jPPLvyDEZEhBgy7lS7b2ex5e8mIauClalJA_VU2t67wVpe9cop0wtdfS3n7oTHqEt9WZ4Nr56q0NycU8Th2Z5tVi6UXyej\" target=\"_blank\" rel=\"noopener nofollow noreferrer\" data-ft=\"{&quot;tn&quot;:&quot;-U&quot;}\" data-lynx-mode=\"async\">https:\/\/bit.ly\/2KWivEc<\/a><\/p>\n<\/div>\n<p><img data-recalc-dims=\"1\" fetchpriority=\"high\" decoding=\"async\" data-attachment-id=\"248073\" data-permalink=\"https:\/\/www.lavras24horas.com.br\/portal\/abeta-conecta-edicao-carrancas-2019-acontecera-em-setembro\/69311535_2472018069559102_7758706408446492672_n\/\" data-orig-file=\"https:\/\/i0.wp.com\/www.lavras24horas.com.br\/portal\/wp-content\/uploads\/2019\/08\/69311535_2472018069559102_7758706408446492672_n.jpg?fit=500%2C750&amp;ssl=1\" data-orig-size=\"500,750\" data-comments-opened=\"0\" data-image-meta=\"{&quot;aperture&quot;:&quot;0&quot;,&quot;credit&quot;:&quot;&quot;,&quot;camera&quot;:&quot;&quot;,&quot;caption&quot;:&quot;&quot;,&quot;created_timestamp&quot;:&quot;0&quot;,&quot;copyright&quot;:&quot;&quot;,&quot;focal_length&quot;:&quot;0&quot;,&quot;iso&quot;:&quot;0&quot;,&quot;shutter_speed&quot;:&quot;0&quot;,&quot;title&quot;:&quot;&quot;,&quot;orientation&quot;:&quot;0&quot;}\" data-image-title=\"69311535_2472018069559102_7758706408446492672_n\" data-image-description=\"\" data-image-caption=\"\" data-large-file=\"https:\/\/i0.wp.com\/www.lavras24horas.com.br\/portal\/wp-content\/uploads\/2019\/08\/69311535_2472018069559102_7758706408446492672_n.jpg?fit=220%2C330&amp;ssl=1\" class=\"aligncenter wp-image-248073 size-full\" src=\"https:\/\/i0.wp.com\/www.lavras24horas.com.br\/portal\/wp-content\/uploads\/2019\/08\/69311535_2472018069559102_7758706408446492672_n.jpg?resize=500%2C750&#038;ssl=1\" alt=\"\" width=\"500\" height=\"750\" srcset=\"https:\/\/i0.wp.com\/www.lavras24horas.com.br\/portal\/wp-content\/uploads\/2019\/08\/69311535_2472018069559102_7758706408446492672_n.jpg?w=500&amp;ssl=1 500w, https:\/\/i0.wp.com\/www.lavras24horas.com.br\/portal\/wp-content\/uploads\/2019\/08\/69311535_2472018069559102_7758706408446492672_n.jpg?resize=220%2C330&amp;ssl=1 220w\" sizes=\"(max-width: 500px) 100vw, 500px\" \/><\/p>\n","protected":false},"excerpt":{"rendered":"<p>&nbsp; &nbsp; Acontecer\u00e1 entre 2 e 5 de setembro\u00a0 o Abeta Conecta Edi\u00e7\u00e3o Carrancas 2019. O\u00a0evento busca incentivar a qualifica\u00e7\u00e3o na \u00e1rea de ecoturismo, como forma de melhorar a gest\u00e3o e trazer inova\u00e7\u00e3o aos neg\u00f3cios do ramo. O Abeta Conecta \u00e9 resultado de uma parceria entre a ABETA, o Sebrae, a Prefeitura Municipal de Carrancas [&hellip;]<\/p>\n","protected":false},"author":7,"featured_media":247577,"comment_status":"closed","ping_status":"closed","sticky":false,"template":"","format":"standard","meta":{"advanced_seo_description":"","jetpack_seo_html_title":"","jetpack_seo_noindex":false,"_jetpack_memberships_contains_paid_content":false,"footnotes":""},"categories":[13,4],"tags":[467,466],"class_list":["post-248072","post","type-post","status-publish","format-standard","has-post-thumbnail","hentry","category-laterais-1","category-lavras","tag-automatico","tag-rascunho"],"jetpack_featured_media_url":"https:\/\/i0.wp.com\/www.lavras24horas.com.br\/portal\/wp-content\/uploads\/2019\/08\/15658176645d547b40bb8eb_1565817664_3x2_rt.jpg?fit=500%2C333&ssl=1","jetpack_sharing_enabled":true,"jetpack_likes_enabled":true,"jetpack_shortlink":"https:\/\/wp.me\/p12djN-12xa","_links":{"self":[{"href":"https:\/\/www.lavras24horas.com.br\/portal\/wp-json\/wp\/v2\/posts\/248072","targetHints":{"allow":["GET"]}}],"collection":[{"href":"https:\/\/www.lavras24horas.com.br\/portal\/wp-json\/wp\/v2\/posts"}],"about":[{"href":"https:\/\/www.lavras24horas.com.br\/portal\/wp-json\/wp\/v2\/types\/post"}],"author":[{"embeddable":true,"href":"https:\/\/www.lavras24horas.com.br\/portal\/wp-json\/wp\/v2\/users\/7"}],"replies":[{"embeddable":true,"href":"https:\/\/www.lavras24horas.com.br\/portal\/wp-json\/wp\/v2\/comments?post=248072"}],"version-history":[{"count":1,"href":"https:\/\/www.lavras24horas.com.br\/portal\/wp-json\/wp\/v2\/posts\/248072\/revisions"}],"predecessor-version":[{"id":248074,"href":"https:\/\/www.lavras24horas.com.br\/portal\/wp-json\/wp\/v2\/posts\/248072\/revisions\/248074"}],"wp:featuredmedia":[{"embeddable":true,"href":"https:\/\/www.lavras24horas.com.br\/portal\/wp-json\/wp\/v2\/media\/247577"}],"wp:attachment":[{"href":"https:\/\/www.lavras24horas.com.br\/portal\/wp-json\/wp\/v2\/media?parent=248072"}],"wp:term":[{"taxonomy":"category","embeddable":true,"href":"https:\/\/www.lavras24horas.com.br\/portal\/wp-json\/wp\/v2\/categories?post=248072"},{"taxonomy":"post_tag","embeddable":true,"href":"https:\/\/www.lavras24horas.com.br\/portal\/wp-json\/wp\/v2\/tags?post=248072"}],"curies":[{"name":"wp","href":"https:\/\/api.w.org\/{rel}","templated":true}]}}