{"id":248069,"date":"2019-08-29T14:30:54","date_gmt":"2019-08-29T17:30:54","guid":{"rendered":"https:\/\/www.lavras24horas.com.br\/portal\/?p=248069"},"modified":"2019-08-29T14:30:54","modified_gmt":"2019-08-29T17:30:54","slug":"carreta-carregada-de-algodao-capota-pega-fogo-e-interdita-transito-na-fernao-dias","status":"publish","type":"post","link":"https:\/\/www.lavras24horas.com.br\/portal\/carreta-carregada-de-algodao-capota-pega-fogo-e-interdita-transito-na-fernao-dias\/","title":{"rendered":"Carreta carregada de algod\u00e3o capota, pega fogo e interdita tr\u00e2nsito na Fern\u00e3o Dias"},"content":{"rendered":"<p>&nbsp;<\/p>\n<p>&nbsp;<\/p>\n<p>Um acidente com uma carreta carregada com algod\u00e3o fechou o tr\u00e2nsito da Rodovia Fern\u00e3o Dias no in\u00edcio da tarde desta quinta-feira (29) no Km 889, pr\u00f3ximo a Cambu\u00ed (MG), no sentido S\u00e3o Paulo.<\/p>\n<p>Segundo a Pol\u00edcia Rodovi\u00e1ria Federal, o ve\u00edculo capotou e pegou fogo. O acidente aconteceu dois quil\u00f4metros \u00e0 frente do trevo para a cidade de Bom Repouso.<\/p>\n<p>Por conta do acidente, um congestionamento de cerca de 4 quil\u00f4metros se formou na pista Sul. At\u00e9 a publica\u00e7\u00e3o desta reportagem, o tr\u00e2nsito permanecia interditado no local. Ningu\u00e9m ficou ferido.<\/p>\n<p>Fonte: G1<\/p>\n","protected":false},"excerpt":{"rendered":"<p>&nbsp; &nbsp; Um acidente com uma carreta carregada com algod\u00e3o fechou o tr\u00e2nsito da Rodovia Fern\u00e3o Dias no in\u00edcio da tarde desta quinta-feira (29) no Km 889, pr\u00f3ximo a Cambu\u00ed (MG), no sentido S\u00e3o Paulo. Segundo a Pol\u00edcia Rodovi\u00e1ria Federal, o ve\u00edculo capotou e pegou fogo. O acidente aconteceu dois quil\u00f4metros \u00e0 frente do trevo [&hellip;]<\/p>\n","protected":false},"author":7,"featured_media":248070,"comment_status":"closed","ping_status":"closed","sticky":false,"template":"","format":"standard","meta":{"advanced_seo_description":"","jetpack_seo_html_title":"","jetpack_seo_noindex":false,"_jetpack_memberships_contains_paid_content":false,"footnotes":""},"categories":[14,79],"tags":[467,466],"class_list":["post-248069","post","type-post","status-publish","format-standard","has-post-thumbnail","hentry","category-destaques-2","category-regiao","tag-automatico","tag-rascunho"],"jetpack_featured_media_url":"https:\/\/i0.wp.com\/www.lavras24horas.com.br\/portal\/wp-content\/uploads\/2019\/08\/60c3e7f1-7db9-4d47-a7a6-325643c1ef3b.jpg?fit=500%2C375&ssl=1","jetpack_sharing_enabled":true,"jetpack_likes_enabled":true,"jetpack_shortlink":"https:\/\/wp.me\/p12djN-12x7","_links":{"self":[{"href":"https:\/\/www.lavras24horas.com.br\/portal\/wp-json\/wp\/v2\/posts\/248069","targetHints":{"allow":["GET"]}}],"collection":[{"href":"https:\/\/www.lavras24horas.com.br\/portal\/wp-json\/wp\/v2\/posts"}],"about":[{"href":"https:\/\/www.lavras24horas.com.br\/portal\/wp-json\/wp\/v2\/types\/post"}],"author":[{"embeddable":true,"href":"https:\/\/www.lavras24horas.com.br\/portal\/wp-json\/wp\/v2\/users\/7"}],"replies":[{"embeddable":true,"href":"https:\/\/www.lavras24horas.com.br\/portal\/wp-json\/wp\/v2\/comments?post=248069"}],"version-history":[{"count":1,"href":"https:\/\/www.lavras24horas.com.br\/portal\/wp-json\/wp\/v2\/posts\/248069\/revisions"}],"predecessor-version":[{"id":248071,"href":"https:\/\/www.lavras24horas.com.br\/portal\/wp-json\/wp\/v2\/posts\/248069\/revisions\/248071"}],"wp:featuredmedia":[{"embeddable":true,"href":"https:\/\/www.lavras24horas.com.br\/portal\/wp-json\/wp\/v2\/media\/248070"}],"wp:attachment":[{"href":"https:\/\/www.lavras24horas.com.br\/portal\/wp-json\/wp\/v2\/media?parent=248069"}],"wp:term":[{"taxonomy":"category","embeddable":true,"href":"https:\/\/www.lavras24horas.com.br\/portal\/wp-json\/wp\/v2\/categories?post=248069"},{"taxonomy":"post_tag","embeddable":true,"href":"https:\/\/www.lavras24horas.com.br\/portal\/wp-json\/wp\/v2\/tags?post=248069"}],"curies":[{"name":"wp","href":"https:\/\/api.w.org\/{rel}","templated":true}]}}