{"id":248063,"date":"2019-08-29T12:19:26","date_gmt":"2019-08-29T15:19:26","guid":{"rendered":"https:\/\/www.lavras24horas.com.br\/portal\/?p=248063"},"modified":"2019-08-29T12:19:26","modified_gmt":"2019-08-29T15:19:26","slug":"exposicao-de-desenhos-e-fotos-de-chico-do-vale-sera-realizada-na-ufla","status":"publish","type":"post","link":"https:\/\/www.lavras24horas.com.br\/portal\/exposicao-de-desenhos-e-fotos-de-chico-do-vale-sera-realizada-na-ufla\/","title":{"rendered":"Exposi\u00e7\u00e3o de desenhos e fotos de Chico do Vale ser\u00e1 realizada na UFLA"},"content":{"rendered":"<p>&nbsp;<\/p>\n<p>&nbsp;<\/p>\n<p style=\"text-align: justify;\">Entre os dias 2\/9 e 30\/9, ser\u00e1 realizada na Livraria da Editora UFLA, no Centro de Conviv\u00eancia da Universidade Federal de Lavras (UFLA), a exposi\u00e7\u00e3o de desenhos e fotos \u201cRealismo da Vida\u201d, do artista e ex-aluno da antiga Escola Superior de Agricultura de Lavras (Esal), Chico do Vale.\u00a0 A mostra estar\u00e1 aberta a visita\u00e7\u00e3o p\u00fablica de\u00a0segunda a quinta-feira: das 7h \u00e0s 21h e na sexta-feira: das 7h \u00e0s 20h. O lan\u00e7amento ser\u00e1 em 2\/9, \u00e0s 18h.<\/p>\n<p style=\"text-align: justify;\">A exposi\u00e7\u00e3o ocorrer\u00e1 durante a Semana de Ci\u00eancia, Cultura e Arte, que celebra os 111 anos da UFLA.<\/p>\n<p style=\"text-align: justify;\"><strong>Texto: Melissa Vilas Boas, rela\u00e7\u00f5es p\u00fablicas &#8211; bolsista Dcom\/Fapemig<\/strong><\/p>\n","protected":false},"excerpt":{"rendered":"<p>&nbsp; &nbsp; Entre os dias 2\/9 e 30\/9, ser\u00e1 realizada na Livraria da Editora UFLA, no Centro de Conviv\u00eancia da Universidade Federal de Lavras (UFLA), a exposi\u00e7\u00e3o de desenhos e fotos \u201cRealismo da Vida\u201d, do artista e ex-aluno da antiga Escola Superior de Agricultura de Lavras (Esal), Chico do Vale.\u00a0 A mostra estar\u00e1 aberta a [&hellip;]<\/p>\n","protected":false},"author":7,"featured_media":248064,"comment_status":"closed","ping_status":"closed","sticky":false,"template":"","format":"standard","meta":{"advanced_seo_description":"","jetpack_seo_html_title":"","jetpack_seo_noindex":false,"_jetpack_memberships_contains_paid_content":false,"footnotes":""},"categories":[13,4],"tags":[467,466],"class_list":["post-248063","post","type-post","status-publish","format-standard","has-post-thumbnail","hentry","category-laterais-1","category-lavras","tag-automatico","tag-rascunho"],"jetpack_featured_media_url":"https:\/\/i0.wp.com\/www.lavras24horas.com.br\/portal\/wp-content\/uploads\/2019\/08\/WhatsApp_Image_2019-08-27_at_23.08.50.jpg?fit=600%2C850&ssl=1","jetpack_sharing_enabled":true,"jetpack_likes_enabled":true,"jetpack_shortlink":"https:\/\/wp.me\/p12djN-12x1","_links":{"self":[{"href":"https:\/\/www.lavras24horas.com.br\/portal\/wp-json\/wp\/v2\/posts\/248063","targetHints":{"allow":["GET"]}}],"collection":[{"href":"https:\/\/www.lavras24horas.com.br\/portal\/wp-json\/wp\/v2\/posts"}],"about":[{"href":"https:\/\/www.lavras24horas.com.br\/portal\/wp-json\/wp\/v2\/types\/post"}],"author":[{"embeddable":true,"href":"https:\/\/www.lavras24horas.com.br\/portal\/wp-json\/wp\/v2\/users\/7"}],"replies":[{"embeddable":true,"href":"https:\/\/www.lavras24horas.com.br\/portal\/wp-json\/wp\/v2\/comments?post=248063"}],"version-history":[{"count":1,"href":"https:\/\/www.lavras24horas.com.br\/portal\/wp-json\/wp\/v2\/posts\/248063\/revisions"}],"predecessor-version":[{"id":248065,"href":"https:\/\/www.lavras24horas.com.br\/portal\/wp-json\/wp\/v2\/posts\/248063\/revisions\/248065"}],"wp:featuredmedia":[{"embeddable":true,"href":"https:\/\/www.lavras24horas.com.br\/portal\/wp-json\/wp\/v2\/media\/248064"}],"wp:attachment":[{"href":"https:\/\/www.lavras24horas.com.br\/portal\/wp-json\/wp\/v2\/media?parent=248063"}],"wp:term":[{"taxonomy":"category","embeddable":true,"href":"https:\/\/www.lavras24horas.com.br\/portal\/wp-json\/wp\/v2\/categories?post=248063"},{"taxonomy":"post_tag","embeddable":true,"href":"https:\/\/www.lavras24horas.com.br\/portal\/wp-json\/wp\/v2\/tags?post=248063"}],"curies":[{"name":"wp","href":"https:\/\/api.w.org\/{rel}","templated":true}]}}