{"id":248051,"date":"2019-08-29T12:08:05","date_gmt":"2019-08-29T15:08:05","guid":{"rendered":"https:\/\/www.lavras24horas.com.br\/portal\/?p=248051"},"modified":"2019-08-29T12:08:05","modified_gmt":"2019-08-29T15:08:05","slug":"proclamas-de-casamento-do-cartorio-de-registro-civil-de-lavras-52","status":"publish","type":"post","link":"https:\/\/www.lavras24horas.com.br\/portal\/proclamas-de-casamento-do-cartorio-de-registro-civil-de-lavras-52\/","title":{"rendered":"Proclamas de Casamento do Cart\u00f3rio de Registro Civil de Lavras"},"content":{"rendered":"<p>&nbsp;<\/p>\n<p>&nbsp;<\/p>\n<p style=\"text-align: center;\"><strong>REP\u00daBLICA FEDERATIVA DO BRASIL<\/strong><\/p>\n<p style=\"text-align: center;\"><strong>ESTADO DE MINAS GERAIS<\/strong><\/p>\n<p style=\"text-align: center;\">Cart\u00f3rio de Registro Civil Souza Naves<\/p>\n<p style=\"text-align: center;\"><strong>Interventora Judicial: J\u00c9SSICA LA\u00cdS BELCHIOR PEREIRA ASSIS<\/strong><\/p>\n<p style=\"text-align: center;\">Rua Santana, 194-A Centro<\/p>\n<p style=\"text-align: center;\">37200-000 &#8211; Lavras &#8211; MG<\/p>\n<p><strong>\u00a0<\/strong><\/p>\n<p><strong>Faz saber que pretendem casar-se:<\/strong><\/p>\n<p>&nbsp;<\/p>\n<p>011498 &#8211; CLAUDINEI SIN\u00c9SIO DE OLIVEIRA, divorciado, maior, Padeiro, natural de Cipot\u00e2nea-MG, resid\u00eancia Rua Jorge Marcelino de Lima, 220, Nova Era 3, Lavras-MG, filho(a) de RAIMUNDO DIAS DE OLIVEIRA PRIMO e MARIA APARECIDA OLIVEIRA; e J\u00c9SSICA KAROLINE DA SILVA TOM\u00c1Z, solteira, maior, Tecnica em Enfermagem, natural de Lavras-MG, resid\u00eancia Rua Jorge Marcelino de Lima, 220, Nova Era 3, Lavras-MG, filho(a) de GERALDO OL\u00cdMPIO TOM\u00c1Z e CRISTIANE DA SILVA TEODORO TOM\u00c1Z;<\/p>\n<p>&nbsp;<\/p>\n<p>011499 &#8211; CARLOS ANT\u00d4NIO DA LUZ, solteiro, maior, Pedreiro, natural de Itumirim-MG, resid\u00eancia Fazenda Limeira, Zona Rural, Lavras-MG, filho(a) de GERALDO VEN\u00c2NCIO DA LUZ e MARIA TERESINHA DA LUZ; e ROS\u00c2NGELA CRUZ, solteira, maior, Lavradora, natural de Lavras-MG, resid\u00eancia Fazenda Limeira, Zona Rural, Lavras-MG, filho(a) de OSWALDO CRUZ e TERESA LUCIA ESTEVAM CRUZ;<\/p>\n<p>&nbsp;<\/p>\n<p>011500 &#8211; GABRIEL DE MENEZES RAMOS, solteiro, maior, Assessor de Marketing, natural de Limeira-SP, resid\u00eancia Rua Abel Gomes Filho, 205, Parque Bocaina, Lavras-MG, filho(a) de ADILSON RAMOS e MARIA APARECIDA DE MENEZES; e LARA LUCI CURIA, solteira, maior, Analista de\u00a0 Marketing, natural de Santo Andr\u00e9-SP, resid\u00eancia Rua Emiliano Augusto Mendon\u00e7a, 75, Dona Julieta, Lavras-MG, filho(a) de ANTONIO CARLOS CURIA e MIRIAM LUCIA DE SOUSA CURIA;<\/p>\n<p>&nbsp;<\/p>\n<p>011501 &#8211; VANILTON HENRIQUE DOS SANTOS, solteiro, maior, Motorista, natural de Bom Sucesso-MG, resid\u00eancia Rua Rio S\u00e3o Jo\u00e3o, 169, Novo \u00c1gua Limpa, Lavras-MG, filho(a) de HAMILTON NORATO DOS SANTOS e MARIA APARECIDA DOS SANTOS; e SAYONARA APARECIDA FRANCELINO, solteira, maior, Vendedora, natural de Lavras-MG, resid\u00eancia Rua Rio S\u00e3o Jo\u00e3o, 169, Novo \u00c1gua Limpa, Lavras-MG, filho(a) de HEITOR DONIZETI FRANCELINO e MARIA TEREZA DE SOUZA FRANCELINO;<\/p>\n<p>&nbsp;<\/p>\n<p>011502 &#8211; VIN\u00cdCIUS SANTOS PUPIO, solteiro, maior, Auxiliar Administrativo, natural de Rio Branco-AC, resid\u00eancia Rua Belo Horizonte, 105, Jardim Campestre III, Lavras-MG, filho(a) de CARLOS ALBERTO PUPIO DE OLVIEIRA e NAZIRA ALMEIDA SANTOS; e LARA ALEXANDRA ABREU, solteira, nascida em 24 de maio de 2002, Estudante, natural de Lavras-MG, resid\u00eancia Rua Oscar Soares Mesquita, 30, Serra Azul, Lavras-MG, filho(a) de ADEILTON ANTONIO DE ABREU e CRISTIANE DONIZETE RIBEIRO ABREU;<\/p>\n<p>&nbsp;<\/p>\n<p>011503 &#8211; DIEGO HENRIQUE MARTINS COSTA, solteiro, maior, Auxiliar de qualidade, natural de Lavras-MG, resid\u00eancia Rua 14 de Agosto, 110, Centro, Lavras-MG, filho(a) de PAULO HENRIQUE COSTA e SUSIM\u00c1RIA MARTINS GON\u00c7ALVES COSTA; e STEPHANIE ISABELLE DA SILVA SOUZA, solteira, maior, do lar, natural de Belo Horizonte-MG, resid\u00eancia Rua Oito de Dezembro, 16, Centro, Lavras-MG, filho(a) de EDISON DE SOUZA FILHO e CL\u00c1UDIA VAL\u00c9RIA DA SILVA SOUZA;<\/p>\n<p>&nbsp;<\/p>\n<p>011504 &#8211; RONIERE DE SOUZA GONZAGA, solteiro, maior, Agricultor, natural de Lavras-MG, resid\u00eancia Rua Dois, 175, Vista do Lago, Lavras-MG, filho(a) de RONALDO GONZAGA FREIRE e DIVINA TOGALMA DE SOUZA; e ADRIANA RODRIGUES FRAN\u00c7A, solteira, maior, Do lar, natural de Suzano-SP, resid\u00eancia Rua Dois, 175, Vista do Lago, Lavras-MG, filho(a) de ISRAEL RODRIGUES FRAN\u00c7A e CELIA DA SILVA FRAN\u00c7A;<\/p>\n<p>&nbsp;<\/p>\n<p>011505 &#8211; ANDR\u00c9 LUIZ DESSIMONI DOS SANTOS, solteiro, maior, Engenheiro de produ\u00e7\u00e3o, natural de Lavras-MG, resid\u00eancia Rua Gil de Souza Andrade, 177, Jardim Bela Vista, Lavras-MG, filho(a) de LU\u00cdS CARLOS DOS SANTOS e GALIZA REZENDE DESSIMONI DOS SANTOS; e NATHALIA DE SOUZA CARVALHO, solteira, maior, Psic\u00f3loga, natural de Lavras-MG, resid\u00eancia Rua das Palmeiras, 151, Jardim Eldourado, Lavras-MG, filho(a) de ANT\u00d4NIO MAGNO DE CARVALHO e MARILANI DE SOUZA CARVALHO;<\/p>\n<p>&nbsp;<\/p>\n<p><strong>Os contraentes apresentaram os documentos exigidos pelo art.1525 do C\u00f3digo Civil Brasileiro. Se algu\u00e9m souber de algum impedimento, que os impe\u00e7am de se casar, que o fa\u00e7a na forma da Lei:<\/strong><\/p>\n<p><strong>\u00a0<\/strong><\/p>\n<p><strong>Lavras , 29\/08\/2019<\/strong><\/p>\n<p><strong>\u00a0<\/strong><\/p>\n<p><strong>J\u00c9SSICA LA\u00cdS BELCHIOR PEREIRA ASSIS <\/strong><\/p>\n<p><strong>Interventora Judicial do Registro Civil<\/strong><\/p>\n","protected":false},"excerpt":{"rendered":"<p>&nbsp; &nbsp; REP\u00daBLICA FEDERATIVA DO BRASIL ESTADO DE MINAS GERAIS Cart\u00f3rio de Registro Civil Souza Naves Interventora Judicial: J\u00c9SSICA LA\u00cdS BELCHIOR PEREIRA ASSIS Rua Santana, 194-A Centro 37200-000 &#8211; Lavras &#8211; MG \u00a0 Faz saber que pretendem casar-se: &nbsp; 011498 &#8211; CLAUDINEI SIN\u00c9SIO DE OLIVEIRA, divorciado, maior, Padeiro, natural de Cipot\u00e2nea-MG, resid\u00eancia Rua Jorge Marcelino [&hellip;]<\/p>\n","protected":false},"author":7,"featured_media":247729,"comment_status":"closed","ping_status":"closed","sticky":false,"template":"","format":"standard","meta":{"advanced_seo_description":"","jetpack_seo_html_title":"","jetpack_seo_noindex":false,"_jetpack_memberships_contains_paid_content":false,"footnotes":""},"categories":[14,4],"tags":[467,466],"class_list":["post-248051","post","type-post","status-publish","format-standard","has-post-thumbnail","hentry","category-destaques-2","category-lavras","tag-automatico","tag-rascunho"],"jetpack_featured_media_url":"https:\/\/i0.wp.com\/www.lavras24horas.com.br\/portal\/wp-content\/uploads\/2019\/08\/d5fcdda7-54cf-4cbc-aadb-2e0301cd6e3c-4-1.jpg?fit=524%2C350&ssl=1","jetpack_sharing_enabled":true,"jetpack_likes_enabled":true,"jetpack_shortlink":"https:\/\/wp.me\/p12djN-12wP","_links":{"self":[{"href":"https:\/\/www.lavras24horas.com.br\/portal\/wp-json\/wp\/v2\/posts\/248051","targetHints":{"allow":["GET"]}}],"collection":[{"href":"https:\/\/www.lavras24horas.com.br\/portal\/wp-json\/wp\/v2\/posts"}],"about":[{"href":"https:\/\/www.lavras24horas.com.br\/portal\/wp-json\/wp\/v2\/types\/post"}],"author":[{"embeddable":true,"href":"https:\/\/www.lavras24horas.com.br\/portal\/wp-json\/wp\/v2\/users\/7"}],"replies":[{"embeddable":true,"href":"https:\/\/www.lavras24horas.com.br\/portal\/wp-json\/wp\/v2\/comments?post=248051"}],"version-history":[{"count":1,"href":"https:\/\/www.lavras24horas.com.br\/portal\/wp-json\/wp\/v2\/posts\/248051\/revisions"}],"predecessor-version":[{"id":248052,"href":"https:\/\/www.lavras24horas.com.br\/portal\/wp-json\/wp\/v2\/posts\/248051\/revisions\/248052"}],"wp:featuredmedia":[{"embeddable":true,"href":"https:\/\/www.lavras24horas.com.br\/portal\/wp-json\/wp\/v2\/media\/247729"}],"wp:attachment":[{"href":"https:\/\/www.lavras24horas.com.br\/portal\/wp-json\/wp\/v2\/media?parent=248051"}],"wp:term":[{"taxonomy":"category","embeddable":true,"href":"https:\/\/www.lavras24horas.com.br\/portal\/wp-json\/wp\/v2\/categories?post=248051"},{"taxonomy":"post_tag","embeddable":true,"href":"https:\/\/www.lavras24horas.com.br\/portal\/wp-json\/wp\/v2\/tags?post=248051"}],"curies":[{"name":"wp","href":"https:\/\/api.w.org\/{rel}","templated":true}]}}