{"id":248048,"date":"2019-08-29T12:02:40","date_gmt":"2019-08-29T15:02:40","guid":{"rendered":"https:\/\/www.lavras24horas.com.br\/portal\/?p=248048"},"modified":"2019-08-29T12:12:06","modified_gmt":"2019-08-29T15:12:06","slug":"campus-cultural-ufmg-em-tiradentes-seleciona-artistas-i-poente-cultural-ufmg","status":"publish","type":"post","link":"https:\/\/www.lavras24horas.com.br\/portal\/campus-cultural-ufmg-em-tiradentes-seleciona-artistas-i-poente-cultural-ufmg\/","title":{"rendered":"UFMG em Tiradentes seleciona artistas para o I Poente Cultural UFMG"},"content":{"rendered":"<div><\/div>\n<div><\/div>\n<div style=\"text-align: justify;\">O Campus Cultural UFMG em Tiradentes, por meio da Diretoria de A\u00e7\u00e3o Cultural (DAC), torna p\u00fablica, para a comunidade em geral, a chamada de sele\u00e7\u00e3o de propostas de apresenta\u00e7\u00f5es art\u00edsticas para compor a programa\u00e7\u00e3o do projeto Poente Cultural UFMG, integrante do Circuito Cultural UFMG, nos meses de setembro e outubro de 2019.<\/div>\n<div style=\"text-align: justify;\"><\/div>\n<div style=\"text-align: justify;\">Ser\u00e3o selecionadas at\u00e9 2 (duas) propostas para apresenta\u00e7\u00f5es \u00fanicas, nas \u00e1reas de m\u00fasica, teatro de rua ou para espa\u00e7os n\u00e3o convencionais, performance ou pr\u00e1ticas da tradi\u00e7\u00e3o.<\/div>\n<div style=\"text-align: justify;\"><\/div>\n<div style=\"text-align: justify;\">As apresenta\u00e7\u00f5es ser\u00e3o realizadas em um dos espa\u00e7os pertencentes ao Campus Cultural UFMG em Tiradentes &#8211; Museu Casa Padre Toledo, Sobrado Quatro Cantos ou Casa de Cultura &#8211; ou em espa\u00e7os alternativos da cidade.<\/div>\n<div style=\"text-align: justify;\"><\/div>\n<div style=\"text-align: justify;\">A sele\u00e7\u00e3o das propostas ser\u00e1 regida pelas cl\u00e1usulas e condi\u00e7\u00f5es constantes da Chamada\u00a0002 CCT de 27 de agosto de 2019.<\/div>\n<div style=\"text-align: justify;\"><\/div>\n<div style=\"text-align: justify;\">As inscri\u00e7\u00f5es ser\u00e3o realizadas de\u00a027 de agosto a 04 de setembro de 2019, exclusivamente pelo e-mail\u00a0<a href=\"mailto:campustiradentes@dac.ufmg.br\" rel=\"noreferrer\">campustiradentes@dac.ufmg.br<\/a>, para o qual dever\u00e3o ser encaminhados os documentos solicitados.<\/div>\n<div style=\"text-align: justify;\"><\/div>\n<div style=\"text-align: justify;\">EDITAL E ANEXOS<\/div>\n<div style=\"text-align: justify;\"><\/div>\n<div style=\"text-align: justify;\">Chamada 002 CCT I 27 ago 2019<\/div>\n<div style=\"text-align: justify;\"><a href=\"https:\/\/www.ufmg.br\/campustiradentes\/wp-content\/uploads\/2019\/08\/Chamada-002-CCT-de-27-de-ago-2019.pdf\" target=\"_blank\" rel=\"noopener noreferrer\">https:\/\/www.ufmg.br\/campustiradentes\/wp-content\/uploads\/2019\/08\/Chamada-002-CCT-de-27-de-ago-2019.pdf<\/a><\/div>\n<div style=\"text-align: justify;\"><\/div>\n<div style=\"text-align: justify;\">Formul\u00e1rio Proposta<\/div>\n<div style=\"text-align: justify;\"><a href=\"https:\/\/www.ufmg.br\/campustiradentes\/wp-content\/uploads\/2019\/08\/Formul%C3%A1rio-proposta-Poente-Cultural-UFMG_27ago.doc\" target=\"_blank\" rel=\"noopener noreferrer\">https:\/\/www.ufmg.br\/campustiradentes\/wp-content\/uploads\/2019\/08\/Formul\u00e1rio-proposta-Poente-Cultural-UFMG_27ago.doc<\/a><\/div>\n<div style=\"text-align: justify;\"><\/div>\n<div style=\"text-align: justify;\">Modelo de Declara\u00e7\u00e3o<\/div>\n<div style=\"text-align: justify;\"><a href=\"https:\/\/www.ufmg.br\/campustiradentes\/wp-content\/uploads\/2019\/08\/Modelo-Declara%C3%A7%C3%A3o-de-Representa%C3%A7%C3%A3o_Poente-Cultural-UFMG.doc\" target=\"_blank\" rel=\"noopener noreferrer\">https:\/\/www.ufmg.br\/campustiradentes\/wp-content\/uploads\/2019\/08\/Modelo-Declara\u00e7\u00e3o-de-Representa\u00e7\u00e3o_Poente-Cultural-UFMG.doc<\/a><\/div>\n","protected":false},"excerpt":{"rendered":"<p>O Campus Cultural UFMG em Tiradentes, por meio da Diretoria de A\u00e7\u00e3o Cultural (DAC), torna p\u00fablica, para a comunidade em geral, a chamada de sele\u00e7\u00e3o de propostas de apresenta\u00e7\u00f5es art\u00edsticas para compor a programa\u00e7\u00e3o do projeto Poente Cultural UFMG, integrante do Circuito Cultural UFMG, nos meses de setembro e outubro de 2019. Ser\u00e3o selecionadas at\u00e9 [&hellip;]<\/p>\n","protected":false},"author":7,"featured_media":248049,"comment_status":"closed","ping_status":"closed","sticky":false,"template":"","format":"standard","meta":{"advanced_seo_description":"","jetpack_seo_html_title":"","jetpack_seo_noindex":false,"_jetpack_memberships_contains_paid_content":false,"footnotes":""},"categories":[12,4],"tags":[467,466],"class_list":["post-248048","post","type-post","status-publish","format-standard","has-post-thumbnail","hentry","category-destaques-1","category-lavras","tag-automatico","tag-rascunho"],"jetpack_featured_media_url":"https:\/\/i0.wp.com\/www.lavras24horas.com.br\/portal\/wp-content\/uploads\/2019\/08\/rua-direita-em-tiradentes-minas-gerais.jpeg?fit=500%2C330&ssl=1","jetpack_sharing_enabled":true,"jetpack_likes_enabled":true,"jetpack_shortlink":"https:\/\/wp.me\/p12djN-12wM","_links":{"self":[{"href":"https:\/\/www.lavras24horas.com.br\/portal\/wp-json\/wp\/v2\/posts\/248048","targetHints":{"allow":["GET"]}}],"collection":[{"href":"https:\/\/www.lavras24horas.com.br\/portal\/wp-json\/wp\/v2\/posts"}],"about":[{"href":"https:\/\/www.lavras24horas.com.br\/portal\/wp-json\/wp\/v2\/types\/post"}],"author":[{"embeddable":true,"href":"https:\/\/www.lavras24horas.com.br\/portal\/wp-json\/wp\/v2\/users\/7"}],"replies":[{"embeddable":true,"href":"https:\/\/www.lavras24horas.com.br\/portal\/wp-json\/wp\/v2\/comments?post=248048"}],"version-history":[{"count":2,"href":"https:\/\/www.lavras24horas.com.br\/portal\/wp-json\/wp\/v2\/posts\/248048\/revisions"}],"predecessor-version":[{"id":248056,"href":"https:\/\/www.lavras24horas.com.br\/portal\/wp-json\/wp\/v2\/posts\/248048\/revisions\/248056"}],"wp:featuredmedia":[{"embeddable":true,"href":"https:\/\/www.lavras24horas.com.br\/portal\/wp-json\/wp\/v2\/media\/248049"}],"wp:attachment":[{"href":"https:\/\/www.lavras24horas.com.br\/portal\/wp-json\/wp\/v2\/media?parent=248048"}],"wp:term":[{"taxonomy":"category","embeddable":true,"href":"https:\/\/www.lavras24horas.com.br\/portal\/wp-json\/wp\/v2\/categories?post=248048"},{"taxonomy":"post_tag","embeddable":true,"href":"https:\/\/www.lavras24horas.com.br\/portal\/wp-json\/wp\/v2\/tags?post=248048"}],"curies":[{"name":"wp","href":"https:\/\/api.w.org\/{rel}","templated":true}]}}