{"id":248045,"date":"2019-08-29T11:59:53","date_gmt":"2019-08-29T14:59:53","guid":{"rendered":"https:\/\/www.lavras24horas.com.br\/portal\/?p=248045"},"modified":"2019-08-29T11:59:53","modified_gmt":"2019-08-29T14:59:53","slug":"por-intermedio-deputado-charles-santos-vereador-bira-rocha-traz-beneficios-para-lavras","status":"publish","type":"post","link":"https:\/\/www.lavras24horas.com.br\/portal\/por-intermedio-deputado-charles-santos-vereador-bira-rocha-traz-beneficios-para-lavras\/","title":{"rendered":"Por interm\u00e9dio deputado Charles Santos, vereador  Bira Rocha  traz  benef\u00edcios para Lavras"},"content":{"rendered":"<p>&nbsp;<\/p>\n<p>&nbsp;<\/p>\n<p style=\"text-align: justify;\">Segundo o vereador Bira Rocha, o deputado Charles Santos (Republicanos antigo PRB), estar\u00e1 em Lavras entre os dias 30 agosto a 1\u00ba de setembro e reafirma apoio para a comunidade de lavrense.<\/p>\n<p style=\"text-align: justify;\">O vereador se deslocou v\u00e1rias vezes para buscar melhorias, priorizando um intenso di\u00e1logo com o parlamentar. Ressaltando que para esta finalidade utilizou, unicamente recursos pr\u00f3prios.<\/p>\n<p style=\"text-align: justify;\">Bira relatou que os benef\u00edcios j\u00e1 garantidos est\u00e3o sendo de grande import\u00e2ncia para a comunidade. Destacou que j\u00e1 se encontra dispon\u00edvel a servi\u00e7o do povo de Lavras e regi\u00e3o um \u00d4nibus com capacidade para 25 pessoas, atendendo o p\u00fablico que necessita de atendimento atrav\u00e9s do CISLAV (Cons\u00f3rcio Intermunicipal de Sa\u00fade dos Munic\u00edpios da Microrregi\u00e3o de Lavras). O \u00f4nibus \u00e9 completo com todos, os requisitos modernos para atender o pacientes.<\/p>\n<p style=\"text-align: justify;\">Este \u00f4nibus foi conseguido pelo vereador lavrense com o deputado Charles Santos, atrav\u00e9s de emenda Parlamentar. No entanto \u00e9 bom especificar que este transporte melhorou muito qualidade da sofrida viagem, que muitas vezes \u00e9 cotidiana para muitas pessoas que se encontram em tratamento oncol\u00f3gico em Varginha.<\/p>\n<p style=\"text-align: justify;\">Charles Santos \u00e9 um dos novatos eleitos para a Assembleia Legislativa de Minas Gerais. \u201cDeclarou que viu na pol\u00edtica a possibilidade de ajudar pessoas\u201d. Essa, inclusive, \u00e9 uma das suas bandeiras\u201d<\/p>\n<p style=\"text-align: justify;\">Outras causas que ele defende \u00e9 o cumprimento do Estatuto da Crian\u00e7a e do Adolescente em todos os n\u00edveis e as pol\u00edticas p\u00fablicas dos Direitos das Mulheres e dos Idosos.<\/p>\n","protected":false},"excerpt":{"rendered":"<p>&nbsp; &nbsp; Segundo o vereador Bira Rocha, o deputado Charles Santos (Republicanos antigo PRB), estar\u00e1 em Lavras entre os dias 30 agosto a 1\u00ba de setembro e reafirma apoio para a comunidade de lavrense. O vereador se deslocou v\u00e1rias vezes para buscar melhorias, priorizando um intenso di\u00e1logo com o parlamentar. Ressaltando que para esta finalidade [&hellip;]<\/p>\n","protected":false},"author":7,"featured_media":248046,"comment_status":"closed","ping_status":"closed","sticky":false,"template":"","format":"standard","meta":{"advanced_seo_description":"","jetpack_seo_html_title":"","jetpack_seo_noindex":false,"_jetpack_memberships_contains_paid_content":false,"footnotes":""},"categories":[13077,4],"tags":[467,466],"class_list":["post-248045","post","type-post","status-publish","format-standard","has-post-thumbnail","hentry","category-laterais-2","category-lavras","tag-automatico","tag-rascunho"],"jetpack_featured_media_url":"https:\/\/i0.wp.com\/www.lavras24horas.com.br\/portal\/wp-content\/uploads\/2019\/08\/381ea728-7446-41cd-ac18-7be51f33b126.jpg?fit=500%2C333&ssl=1","jetpack_sharing_enabled":true,"jetpack_likes_enabled":true,"jetpack_shortlink":"https:\/\/wp.me\/p12djN-12wJ","_links":{"self":[{"href":"https:\/\/www.lavras24horas.com.br\/portal\/wp-json\/wp\/v2\/posts\/248045","targetHints":{"allow":["GET"]}}],"collection":[{"href":"https:\/\/www.lavras24horas.com.br\/portal\/wp-json\/wp\/v2\/posts"}],"about":[{"href":"https:\/\/www.lavras24horas.com.br\/portal\/wp-json\/wp\/v2\/types\/post"}],"author":[{"embeddable":true,"href":"https:\/\/www.lavras24horas.com.br\/portal\/wp-json\/wp\/v2\/users\/7"}],"replies":[{"embeddable":true,"href":"https:\/\/www.lavras24horas.com.br\/portal\/wp-json\/wp\/v2\/comments?post=248045"}],"version-history":[{"count":1,"href":"https:\/\/www.lavras24horas.com.br\/portal\/wp-json\/wp\/v2\/posts\/248045\/revisions"}],"predecessor-version":[{"id":248047,"href":"https:\/\/www.lavras24horas.com.br\/portal\/wp-json\/wp\/v2\/posts\/248045\/revisions\/248047"}],"wp:featuredmedia":[{"embeddable":true,"href":"https:\/\/www.lavras24horas.com.br\/portal\/wp-json\/wp\/v2\/media\/248046"}],"wp:attachment":[{"href":"https:\/\/www.lavras24horas.com.br\/portal\/wp-json\/wp\/v2\/media?parent=248045"}],"wp:term":[{"taxonomy":"category","embeddable":true,"href":"https:\/\/www.lavras24horas.com.br\/portal\/wp-json\/wp\/v2\/categories?post=248045"},{"taxonomy":"post_tag","embeddable":true,"href":"https:\/\/www.lavras24horas.com.br\/portal\/wp-json\/wp\/v2\/tags?post=248045"}],"curies":[{"name":"wp","href":"https:\/\/api.w.org\/{rel}","templated":true}]}}